
{"id":123111,"date":"2025-08-18T09:22:05","date_gmt":"2025-08-18T12:22:05","guid":{"rendered":"https:\/\/www.sudoestehoje.com.br\/novoportal\/?p=123111"},"modified":"2025-08-18T09:22:05","modified_gmt":"2025-08-18T12:22:05","slug":"neymar-nao-aguenta-e-chora-apos-derrota-do-santos-por-6-a-0-para-o-vasco","status":"publish","type":"post","link":"https:\/\/www.sudoestehoje.com.br\/novoportal\/2025\/08\/18\/neymar-nao-aguenta-e-chora-apos-derrota-do-santos-por-6-a-0-para-o-vasco\/","title":{"rendered":"NEYMAR N\u00c3O AGUENTA E CHORA AP\u00d3S DERROTA DO SANTOS POR 6 A 0 PARA O VASCO"},"content":{"rendered":"<p data-start=\"286\" data-end=\"617\"><img loading=\"lazy\" decoding=\"async\" class=\"alignnone size-full wp-image-123113\" src=\"https:\/\/www.sudoestehoje.com.br\/novoportal\/wp-content\/uploads\/2025\/08\/Imagem-do-WhatsApp-de-2025-08-17-as-18.12.37_4e10d5c8.jpg\" alt=\"\" width=\"984\" height=\"656\" \/><\/p>\n<p data-start=\"286\" data-end=\"617\">O atacante Neymar viveu um momento de grande frustra\u00e7\u00e3o neste domingo (17), ao deixar o campo chorando ap\u00f3s o Santos ser goleado por 6 a 0 pelo Vasco, no est\u00e1dio Morumbis, pelo Campeonato Brasileiro. Assim que o \u00e1rbitro apitou o fim da partida, o craque sentou no gramado e come\u00e7ou a chorar, visivelmente abalado com o resultado.<\/p>\n<p data-start=\"619\" data-end=\"874\">Minutos depois, Neymar se levantou e foi consolado pelo t\u00e9cnico advers\u00e1rio, Fernando Diniz, antes de se dirigir aos vesti\u00e1rios. A cena comoveu os torcedores presentes e repercutiu rapidamente nas redes sociais, mostrando a dimens\u00e3o emocional da derrota.<\/p>\n<p data-start=\"876\" data-end=\"1176\">Essa \u00e9 a maior goleada sofrida por Neymar desde o in\u00edcio da carreira no Santos. Antes, os placares mais expressivos haviam sido 4 a 0, tanto pelo Peixe contra o Barcelona, na final do Mundial de Clubes de 2011, quanto pelo Barcelona diante do PSG, nas oitavas de final da Liga dos Campe\u00f5es em 2017.<\/p>\n<p data-start=\"1178\" data-end=\"1413\">A derrota refor\u00e7a um momento delicado para o Santos no Campeonato Brasileiro e evidencia a press\u00e3o que os jogadores enfrentam diante de resultados negativos, especialmente para estrelas como Neymar, que iniciou sua carreira no clube.<\/p>\n<p data-start=\"1415\" data-end=\"1623\">Torcedores e comentaristas esportivos destacaram a intensidade do placar e a rea\u00e7\u00e3o do atacante, considerando que a goleada \u00e9 um dos epis\u00f3dios mais marcantes da trajet\u00f3ria de Neymar no futebol profissional.<\/p>\n<p data-start=\"1625\" data-end=\"1772\">O Santos agora ter\u00e1 que se reorganizar rapidamente para os pr\u00f3ximos jogos, tentando superar o rev\u00e9s hist\u00f3rico e recuperar a confian\u00e7a da torcida.<\/p>\n","protected":false},"excerpt":{"rendered":"<p>O atacante Neymar viveu um momento de grande frustra\u00e7\u00e3o neste domingo (17), ao deixar o campo chorando ap\u00f3s o Santos ser goleado por 6 a 0 pelo Vasco, no est\u00e1dio Morumbis, pelo Campeonato Brasileiro. Assim que o \u00e1rbitro apitou o fim da partida, o craque sentou no gramado e come\u00e7ou a chorar, visivelmente abalado com [&hellip;]<\/p>\n","protected":false},"author":2,"featured_media":123113,"comment_status":"closed","ping_status":"open","sticky":false,"template":"","format":"standard","meta":{"footnotes":"","_links_to":"","_links_to_target":""},"categories":[1],"tags":[],"class_list":["post-123111","post","type-post","status-publish","format-standard","has-post-thumbnail","hentry","category-geral"],"views":658,"_links":{"self":[{"href":"https:\/\/www.sudoestehoje.com.br\/novoportal\/wp-json\/wp\/v2\/posts\/123111","targetHints":{"allow":["GET"]}}],"collection":[{"href":"https:\/\/www.sudoestehoje.com.br\/novoportal\/wp-json\/wp\/v2\/posts"}],"about":[{"href":"https:\/\/www.sudoestehoje.com.br\/novoportal\/wp-json\/wp\/v2\/types\/post"}],"author":[{"embeddable":true,"href":"https:\/\/www.sudoestehoje.com.br\/novoportal\/wp-json\/wp\/v2\/users\/2"}],"replies":[{"embeddable":true,"href":"https:\/\/www.sudoestehoje.com.br\/novoportal\/wp-json\/wp\/v2\/comments?post=123111"}],"version-history":[{"count":2,"href":"https:\/\/www.sudoestehoje.com.br\/novoportal\/wp-json\/wp\/v2\/posts\/123111\/revisions"}],"predecessor-version":[{"id":123114,"href":"https:\/\/www.sudoestehoje.com.br\/novoportal\/wp-json\/wp\/v2\/posts\/123111\/revisions\/123114"}],"wp:featuredmedia":[{"embeddable":true,"href":"https:\/\/www.sudoestehoje.com.br\/novoportal\/wp-json\/wp\/v2\/media\/123113"}],"wp:attachment":[{"href":"https:\/\/www.sudoestehoje.com.br\/novoportal\/wp-json\/wp\/v2\/media?parent=123111"}],"wp:term":[{"taxonomy":"category","embeddable":true,"href":"https:\/\/www.sudoestehoje.com.br\/novoportal\/wp-json\/wp\/v2\/categories?post=123111"},{"taxonomy":"post_tag","embeddable":true,"href":"https:\/\/www.sudoestehoje.com.br\/novoportal\/wp-json\/wp\/v2\/tags?post=123111"}],"curies":[{"name":"wp","href":"https:\/\/api.w.org\/{rel}","templated":true}]}}