
{"id":123094,"date":"2025-08-15T08:07:41","date_gmt":"2025-08-15T11:07:41","guid":{"rendered":"https:\/\/www.sudoestehoje.com.br\/novoportal\/?p=123094"},"modified":"2025-08-15T08:07:41","modified_gmt":"2025-08-15T11:07:41","slug":"dado-como-morto-idoso-de-72-anos-ressuscita-em-hospital-de-itabuna","status":"publish","type":"post","link":"https:\/\/www.sudoestehoje.com.br\/novoportal\/2025\/08\/15\/dado-como-morto-idoso-de-72-anos-ressuscita-em-hospital-de-itabuna\/","title":{"rendered":"DADO COMO MORTO, IDOSO DE 72 ANOS &#8216;RESSUSCITA&#8217; EM HOSPITAL DE ITABUNA"},"content":{"rendered":"<div id=\"chunk-cpj2u\">\n<div class=\"mc-column content-text active-extra-styles \" data-block-type=\"unstyled\" data-block-weight=\"30\" data-block-id=\"3\">\n<p data-track-category=\"Link no Texto\" data-track-links=\"\" data-mrf-recirculation=\"Mat\u00e9ria - Links no Texto\"><img loading=\"lazy\" decoding=\"async\" class=\"alignnone size-full wp-image-123095\" src=\"https:\/\/www.sudoestehoje.com.br\/novoportal\/wp-content\/uploads\/2025\/08\/Imagem-do-WhatsApp-de-2025-08-15-as-08.04.53_45deb7ec.jpg\" alt=\"\" width=\"1079\" height=\"657\" \/><\/p>\n<p class=\" content-text__container \" data-track-category=\"Link no Texto\" data-track-links=\"\" data-mrf-recirculation=\"Mat\u00e9ria - Links no Texto\">Um idoso de 72 anos foi reanimado ap\u00f3s ter o \u00f3bito atestado por dois m\u00e9dicos, na quarta-feira (13), no Hospital de Base de\u00a0<a class=\"\" href=\"https:\/\/g1.globo.com\/ba\/bahia\/cidade\/itabuna\/\" data-mrf-link=\"https:\/\/g1.globo.com\/ba\/bahia\/cidade\/itabuna\/\">Itabuna<\/a>, cidade no sul da Bahia.<\/p>\n<\/div>\n<\/div>\n<div class=\"wall protected-content\">\n<div id=\"chunk-aspho\">\n<div class=\"mc-column content-text active-extra-styles \" data-block-type=\"unstyled\" data-block-weight=\"32\" data-block-id=\"5\">\n<p class=\" content-text__container \" data-track-category=\"Link no Texto\" data-track-links=\"\" data-mrf-recirculation=\"Mat\u00e9ria - Links no Texto\"><strong>Dami\u00e3o Jos\u00e9 dos Santos<\/strong>\u00a0estava internado h\u00e1 oito dias e, segundo a unidade de sa\u00fade,\u00a0<span class=\"highlight highlighted\">ficou cerca de uma hora sem sinais vitais<\/span>, mesmo ap\u00f3s t\u00e9cnicas de reanima\u00e7\u00e3o que duraram 15 minutos.<\/p>\n<p data-track-category=\"Link no Texto\" data-track-links=\"\" data-mrf-recirculation=\"Mat\u00e9ria - Links no Texto\">A equipe de funer\u00e1ria estava a caminho do hospital para buscar o corpo, quando foram notados sinais vitais e os m\u00e9dicos retomaram os procedimentos para a estabiliza\u00e7\u00e3o do paciente.<\/p>\n<div id=\"chunk-7pamf\">\n<div class=\"mc-column content-text active-extra-styles \" data-block-type=\"unstyled\" data-block-weight=\"39\" data-block-id=\"9\">\n<p class=\" content-text__container \" data-track-category=\"Link no Texto\" data-track-links=\"\" data-mrf-recirculation=\"Mat\u00e9ria - Links no Texto\">O aposentado deu entrada na unidade com um quadro de pneumonia e, ao longo dos dias, o estado se agravou. Ele chegou a ficar com a respira\u00e7\u00e3o 100% dependente de aparelhos. Ap\u00f3s a reanima\u00e7\u00e3o,\u00a0<span class=\"highlight highlighted\">a porcentagem caiu para 20%<\/span>.<\/p>\n<\/div>\n<\/div>\n<div id=\"chunk-fckic\">\n<div class=\"mc-column content-text active-extra-styles \" data-block-type=\"unstyled\" data-block-weight=\"31\" data-block-id=\"11\">\n<p class=\" content-text__container \" data-track-category=\"Link no Texto\" data-track-links=\"\" data-mrf-recirculation=\"Mat\u00e9ria - Links no Texto\">Em nota, o hospital informou que, apesar de raro, o fen\u00f4meno j\u00e1 foi relatado na literatura m\u00e9dica outras vezes, com casos de constata\u00e7\u00e3o de \u00f3bito que apresentaram retorno espont\u00e2neo da circula\u00e7\u00e3o.<\/p>\n<\/div>\n<\/div>\n<div id=\"chunk-faarc\">\n<div class=\"mc-column content-text active-extra-styles \" data-block-type=\"unstyled\" data-block-weight=\"25\" data-block-id=\"12\">\n<p class=\" content-text__container \" data-track-category=\"Link no Texto\" data-track-links=\"\" data-mrf-recirculation=\"Mat\u00e9ria - Links no Texto\">Ainda conforme a unidade, &#8220;ap\u00f3s minuciosa avalia\u00e7\u00e3o das condutas tomadas&#8221;,\u00a0<span class=\"highlight highlighted\">n\u00e3o foi constatada qualquer falha t\u00e9cnica ou \u00e9tica por parte da equipe de plant\u00e3o<\/span>.<\/p>\n<\/div>\n<\/div>\n<\/div>\n<\/div>\n<\/div>\n","protected":false},"excerpt":{"rendered":"<p>Um idoso de 72 anos foi reanimado ap\u00f3s ter o \u00f3bito atestado por dois m\u00e9dicos, na quarta-feira (13), no Hospital de Base de\u00a0Itabuna, cidade no sul da Bahia. Dami\u00e3o Jos\u00e9 dos Santos\u00a0estava internado h\u00e1 oito dias e, segundo a unidade de sa\u00fade,\u00a0ficou cerca de uma hora sem sinais vitais, mesmo ap\u00f3s t\u00e9cnicas de reanima\u00e7\u00e3o que [&hellip;]<\/p>\n","protected":false},"author":2,"featured_media":123095,"comment_status":"closed","ping_status":"open","sticky":false,"template":"","format":"standard","meta":{"footnotes":"","_links_to":"","_links_to_target":""},"categories":[1],"tags":[],"class_list":["post-123094","post","type-post","status-publish","format-standard","has-post-thumbnail","hentry","category-geral"],"views":1040,"_links":{"self":[{"href":"https:\/\/www.sudoestehoje.com.br\/novoportal\/wp-json\/wp\/v2\/posts\/123094","targetHints":{"allow":["GET"]}}],"collection":[{"href":"https:\/\/www.sudoestehoje.com.br\/novoportal\/wp-json\/wp\/v2\/posts"}],"about":[{"href":"https:\/\/www.sudoestehoje.com.br\/novoportal\/wp-json\/wp\/v2\/types\/post"}],"author":[{"embeddable":true,"href":"https:\/\/www.sudoestehoje.com.br\/novoportal\/wp-json\/wp\/v2\/users\/2"}],"replies":[{"embeddable":true,"href":"https:\/\/www.sudoestehoje.com.br\/novoportal\/wp-json\/wp\/v2\/comments?post=123094"}],"version-history":[{"count":1,"href":"https:\/\/www.sudoestehoje.com.br\/novoportal\/wp-json\/wp\/v2\/posts\/123094\/revisions"}],"predecessor-version":[{"id":123096,"href":"https:\/\/www.sudoestehoje.com.br\/novoportal\/wp-json\/wp\/v2\/posts\/123094\/revisions\/123096"}],"wp:featuredmedia":[{"embeddable":true,"href":"https:\/\/www.sudoestehoje.com.br\/novoportal\/wp-json\/wp\/v2\/media\/123095"}],"wp:attachment":[{"href":"https:\/\/www.sudoestehoje.com.br\/novoportal\/wp-json\/wp\/v2\/media?parent=123094"}],"wp:term":[{"taxonomy":"category","embeddable":true,"href":"https:\/\/www.sudoestehoje.com.br\/novoportal\/wp-json\/wp\/v2\/categories?post=123094"},{"taxonomy":"post_tag","embeddable":true,"href":"https:\/\/www.sudoestehoje.com.br\/novoportal\/wp-json\/wp\/v2\/tags?post=123094"}],"curies":[{"name":"wp","href":"https:\/\/api.w.org\/{rel}","templated":true}]}}