
{"id":123091,"date":"2025-08-14T17:46:43","date_gmt":"2025-08-14T20:46:43","guid":{"rendered":"https:\/\/www.sudoestehoje.com.br\/novoportal\/?p=123091"},"modified":"2025-08-15T07:53:14","modified_gmt":"2025-08-15T10:53:14","slug":"gerente-das-santas-casas-alexandre-iossef-participa-de-congresso-em-brasilia","status":"publish","type":"post","link":"https:\/\/www.sudoestehoje.com.br\/novoportal\/2025\/08\/14\/gerente-das-santas-casas-alexandre-iossef-participa-de-congresso-em-brasilia\/","title":{"rendered":"GERENTE DAS SANTAS CASAS, ALEXANDRE IOSSEF, PARTICIPA DE CONGRESSO EM BRAS\u00cdLIA"},"content":{"rendered":"<p><img loading=\"lazy\" decoding=\"async\" class=\"alignnone size-full wp-image-123092\" src=\"https:\/\/www.sudoestehoje.com.br\/novoportal\/wp-content\/uploads\/2025\/08\/Imagem-do-WhatsApp-de-2025-08-14-as-17.24.25_3e8e0ec4.jpg\" alt=\"\" width=\"1278\" height=\"1600\" \/><\/p>\n<p>Nesta semana, o gerente Administrativo das Santas Casas de Jequi\u00e9 e Itapetinga, Alexandre Iossef participou do 33\u00ba Congresso das Santas Casas, em Bras\u00edlia, onde as pautas do setor filantr\u00f3pico foram amplamente debatidas.\u00a0Ontem tamb\u00e9m ocorreu a assinatura do Termo de Coopera\u00e7\u00e3o T\u00e9cnica entre a Santa Casa de Jequi\u00e9, o Hospital Cristo Redentor (Itapetinga) e a Santa Casa Portuguesa do Peso da R\u00e9gua.<\/p>\n<p>Essa parceria une Brasil e Portugal, criando oportunidades de interc\u00e2mbio e projetos para fortalecer a sa\u00fade filantr\u00f3pica e ampliar o cuidado a quem mais precisa.<\/p>\n<p>Com a presen\u00e7a de lideran\u00e7as como o deputado federal Antonio Brito, do presidente da CMB, Mirocles Veras, do presidente da Uni\u00e3o das Santas Casas Portuguesas, Manuel de Lemos e representantes da Federa\u00e7\u00e3o das Santas Casas da Bahia, o compromisso segue firme na miss\u00e3o de oferecer uma sa\u00fade mais humana e efetiva para a popula\u00e7\u00e3o!<\/p>\n","protected":false},"excerpt":{"rendered":"<p>Nesta semana, o gerente Administrativo das Santas Casas de Jequi\u00e9 e Itapetinga, Alexandre Iossef participou do 33\u00ba Congresso das Santas Casas, em Bras\u00edlia, onde as pautas do setor filantr\u00f3pico foram amplamente debatidas.\u00a0Ontem tamb\u00e9m ocorreu a assinatura do Termo de Coopera\u00e7\u00e3o T\u00e9cnica entre a Santa Casa de Jequi\u00e9, o Hospital Cristo Redentor (Itapetinga) e a Santa [&hellip;]<\/p>\n","protected":false},"author":2,"featured_media":123092,"comment_status":"closed","ping_status":"open","sticky":false,"template":"","format":"standard","meta":{"footnotes":"","_links_to":"","_links_to_target":""},"categories":[1],"tags":[],"class_list":["post-123091","post","type-post","status-publish","format-standard","has-post-thumbnail","hentry","category-geral"],"views":413,"_links":{"self":[{"href":"https:\/\/www.sudoestehoje.com.br\/novoportal\/wp-json\/wp\/v2\/posts\/123091","targetHints":{"allow":["GET"]}}],"collection":[{"href":"https:\/\/www.sudoestehoje.com.br\/novoportal\/wp-json\/wp\/v2\/posts"}],"about":[{"href":"https:\/\/www.sudoestehoje.com.br\/novoportal\/wp-json\/wp\/v2\/types\/post"}],"author":[{"embeddable":true,"href":"https:\/\/www.sudoestehoje.com.br\/novoportal\/wp-json\/wp\/v2\/users\/2"}],"replies":[{"embeddable":true,"href":"https:\/\/www.sudoestehoje.com.br\/novoportal\/wp-json\/wp\/v2\/comments?post=123091"}],"version-history":[{"count":1,"href":"https:\/\/www.sudoestehoje.com.br\/novoportal\/wp-json\/wp\/v2\/posts\/123091\/revisions"}],"predecessor-version":[{"id":123093,"href":"https:\/\/www.sudoestehoje.com.br\/novoportal\/wp-json\/wp\/v2\/posts\/123091\/revisions\/123093"}],"wp:featuredmedia":[{"embeddable":true,"href":"https:\/\/www.sudoestehoje.com.br\/novoportal\/wp-json\/wp\/v2\/media\/123092"}],"wp:attachment":[{"href":"https:\/\/www.sudoestehoje.com.br\/novoportal\/wp-json\/wp\/v2\/media?parent=123091"}],"wp:term":[{"taxonomy":"category","embeddable":true,"href":"https:\/\/www.sudoestehoje.com.br\/novoportal\/wp-json\/wp\/v2\/categories?post=123091"},{"taxonomy":"post_tag","embeddable":true,"href":"https:\/\/www.sudoestehoje.com.br\/novoportal\/wp-json\/wp\/v2\/tags?post=123091"}],"curies":[{"name":"wp","href":"https:\/\/api.w.org\/{rel}","templated":true}]}}