
{"id":12309,"date":"2012-01-22T18:28:32","date_gmt":"2012-01-22T21:28:32","guid":{"rendered":"http:\/\/www.sudoestehoje.com.br\/novoportal\/?p=12309"},"modified":"2012-01-22T18:28:32","modified_gmt":"2012-01-22T21:28:32","slug":"prefeito-morre-de-cirrose-e-vice-de-94-anos-assume","status":"publish","type":"post","link":"https:\/\/www.sudoestehoje.com.br\/novoportal\/2012\/01\/22\/prefeito-morre-de-cirrose-e-vice-de-94-anos-assume\/","title":{"rendered":"PREFEITO MORRE DE CIRROSE E VICE DE 94 ANOS ASSUME"},"content":{"rendered":"<p style=\"text-align: center;\"><img decoding=\"async\" src=\"http:\/\/www.souzaandrade.com.br\/site\/images\/stories\/2012\/janeiro\/maisvelho.jpg\" alt=\"\" width=\"350\" \/><\/p>\n<p style=\"text-align: center;\"><em><strong>Edvaldo Oliveira, 94 anos, \u00e9 o prefeito mais velho do mundo<\/strong><\/em><\/p>\n<p>Com a morte do prefeito da cidade baiana de Dom Macedo Costa\u00a0,\u00a0Deraldo Barreto Piton,\u00a0na tarde deste s\u00e1bado (21), em Salvador, em seu lugar, assume o vice\u00a0Edvaldo Oliveira (PSD), de 94 anos. Segundo informa\u00e7\u00f5es do Blog do Noblat,\u00a0o novo gestor dever\u00e1 ser inclu\u00eddo no Livro dos Recordes com o t\u00edtulo de prefeito mais velho do mundo. Edvaldo, servidor p\u00fablico aposentado, pai de nove filhos e morador de Salvador, chegou \u00e0 cidade e assumiu a vaga do prefeito ainda no s\u00e1bado.\u00a0Deraldo Barreto Piton era filiado ao Democratas e j\u00e1 fora prefeito por tr\u00eas vezes. Ele sofria de cirrose hep\u00e1tica e aguardava um transplante de f\u00edgado. Seu corpo \u00e9 velado na C\u00e2mara dos Vereadores local e ser\u00e1 enterrado \u00e0s 17h deste domingo (18).<\/p>\n","protected":false},"excerpt":{"rendered":"<p>Edvaldo Oliveira, 94 anos, \u00e9 o prefeito mais velho do mundo Com a morte do prefeito da cidade baiana de Dom Macedo Costa\u00a0,\u00a0Deraldo Barreto Piton,\u00a0na tarde deste s\u00e1bado (21), em Salvador, em seu lugar, assume o vice\u00a0Edvaldo Oliveira (PSD), de 94 anos. Segundo informa\u00e7\u00f5es do Blog do Noblat,\u00a0o novo gestor dever\u00e1 ser inclu\u00eddo no Livro [&hellip;]<\/p>\n","protected":false},"author":2,"featured_media":0,"comment_status":"open","ping_status":"open","sticky":false,"template":"","format":"standard","meta":{"footnotes":"","_links_to":"","_links_to_target":""},"categories":[1],"tags":[],"class_list":["post-12309","post","type-post","status-publish","format-standard","hentry","category-geral"],"views":1605,"_links":{"self":[{"href":"https:\/\/www.sudoestehoje.com.br\/novoportal\/wp-json\/wp\/v2\/posts\/12309","targetHints":{"allow":["GET"]}}],"collection":[{"href":"https:\/\/www.sudoestehoje.com.br\/novoportal\/wp-json\/wp\/v2\/posts"}],"about":[{"href":"https:\/\/www.sudoestehoje.com.br\/novoportal\/wp-json\/wp\/v2\/types\/post"}],"author":[{"embeddable":true,"href":"https:\/\/www.sudoestehoje.com.br\/novoportal\/wp-json\/wp\/v2\/users\/2"}],"replies":[{"embeddable":true,"href":"https:\/\/www.sudoestehoje.com.br\/novoportal\/wp-json\/wp\/v2\/comments?post=12309"}],"version-history":[{"count":3,"href":"https:\/\/www.sudoestehoje.com.br\/novoportal\/wp-json\/wp\/v2\/posts\/12309\/revisions"}],"predecessor-version":[{"id":12312,"href":"https:\/\/www.sudoestehoje.com.br\/novoportal\/wp-json\/wp\/v2\/posts\/12309\/revisions\/12312"}],"wp:attachment":[{"href":"https:\/\/www.sudoestehoje.com.br\/novoportal\/wp-json\/wp\/v2\/media?parent=12309"}],"wp:term":[{"taxonomy":"category","embeddable":true,"href":"https:\/\/www.sudoestehoje.com.br\/novoportal\/wp-json\/wp\/v2\/categories?post=12309"},{"taxonomy":"post_tag","embeddable":true,"href":"https:\/\/www.sudoestehoje.com.br\/novoportal\/wp-json\/wp\/v2\/tags?post=12309"}],"curies":[{"name":"wp","href":"https:\/\/api.w.org\/{rel}","templated":true}]}}