
{"id":123068,"date":"2025-08-13T10:47:28","date_gmt":"2025-08-13T13:47:28","guid":{"rendered":"https:\/\/www.sudoestehoje.com.br\/novoportal\/?p=123068"},"modified":"2025-08-13T10:53:07","modified_gmt":"2025-08-13T13:53:07","slug":"itapetinga-terraplanagem-do-terreno-da-policlinica-regional-foi-concluida","status":"publish","type":"post","link":"https:\/\/www.sudoestehoje.com.br\/novoportal\/2025\/08\/13\/itapetinga-terraplanagem-do-terreno-da-policlinica-regional-foi-concluida\/","title":{"rendered":"ITAPETINGA | TERRAPLANAGEM DO TERRENO DA POLICL\u00cdNICA REGIONAL FOI CONCLU\u00cdDA"},"content":{"rendered":"<p><img loading=\"lazy\" decoding=\"async\" class=\"alignnone  wp-image-123072\" src=\"https:\/\/www.sudoestehoje.com.br\/novoportal\/wp-content\/uploads\/2025\/08\/Imagem-do-WhatsApp-de-2025-08-13-as-10.49.53_2ae4eebd.jpg\" alt=\"\" width=\"567\" height=\"387\" \/><\/p>\n<p>Na \u00faltima ter\u00e7a-feira (12), a reportagem do Sudoeste Hoje foi at\u00e9 o local onde ser\u00e1 constru\u00edda a Policl\u00ednica Regional de Itapetinga e constatou que os servi\u00e7os de terraplanagem da \u00e1rea j\u00e1 foi conclu\u00edda.<\/p>\n<p>Apesar de prepostos da empreiteira dificultarem o acesso da equipe do blog e do fot\u00f3grafo da prefeitura ao local, foi poss\u00edvel constatar que os gabaritos para funda\u00e7\u00e3o j\u00e1 foram instalados, restando o in\u00edcio da obra pelo governo do estado.<\/p>\n<p>A Policl\u00ednica de Itapetinga ser\u00e1 erguida ao lado do futuro Hospital Regional, em terreno doado pela prefeitura, \u00e0s margens da rodovia BA-263, sentido Vit\u00f3ria da Conquista.<\/p>\n<p>Reda\u00e7\u00e3o SH<\/p>\n","protected":false},"excerpt":{"rendered":"<p>Na \u00faltima ter\u00e7a-feira (12), a reportagem do Sudoeste Hoje foi at\u00e9 o local onde ser\u00e1 constru\u00edda a Policl\u00ednica Regional de Itapetinga e constatou que os servi\u00e7os de terraplanagem da \u00e1rea j\u00e1 foi conclu\u00edda. Apesar de prepostos da empreiteira dificultarem o acesso da equipe do blog e do fot\u00f3grafo da prefeitura ao local, foi poss\u00edvel constatar [&hellip;]<\/p>\n","protected":false},"author":2,"featured_media":123072,"comment_status":"closed","ping_status":"open","sticky":false,"template":"","format":"standard","meta":{"footnotes":"","_links_to":"","_links_to_target":""},"categories":[1],"tags":[],"class_list":["post-123068","post","type-post","status-publish","format-standard","has-post-thumbnail","hentry","category-geral"],"views":998,"_links":{"self":[{"href":"https:\/\/www.sudoestehoje.com.br\/novoportal\/wp-json\/wp\/v2\/posts\/123068","targetHints":{"allow":["GET"]}}],"collection":[{"href":"https:\/\/www.sudoestehoje.com.br\/novoportal\/wp-json\/wp\/v2\/posts"}],"about":[{"href":"https:\/\/www.sudoestehoje.com.br\/novoportal\/wp-json\/wp\/v2\/types\/post"}],"author":[{"embeddable":true,"href":"https:\/\/www.sudoestehoje.com.br\/novoportal\/wp-json\/wp\/v2\/users\/2"}],"replies":[{"embeddable":true,"href":"https:\/\/www.sudoestehoje.com.br\/novoportal\/wp-json\/wp\/v2\/comments?post=123068"}],"version-history":[{"count":4,"href":"https:\/\/www.sudoestehoje.com.br\/novoportal\/wp-json\/wp\/v2\/posts\/123068\/revisions"}],"predecessor-version":[{"id":123074,"href":"https:\/\/www.sudoestehoje.com.br\/novoportal\/wp-json\/wp\/v2\/posts\/123068\/revisions\/123074"}],"wp:featuredmedia":[{"embeddable":true,"href":"https:\/\/www.sudoestehoje.com.br\/novoportal\/wp-json\/wp\/v2\/media\/123072"}],"wp:attachment":[{"href":"https:\/\/www.sudoestehoje.com.br\/novoportal\/wp-json\/wp\/v2\/media?parent=123068"}],"wp:term":[{"taxonomy":"category","embeddable":true,"href":"https:\/\/www.sudoestehoje.com.br\/novoportal\/wp-json\/wp\/v2\/categories?post=123068"},{"taxonomy":"post_tag","embeddable":true,"href":"https:\/\/www.sudoestehoje.com.br\/novoportal\/wp-json\/wp\/v2\/tags?post=123068"}],"curies":[{"name":"wp","href":"https:\/\/api.w.org\/{rel}","templated":true}]}}