
{"id":123065,"date":"2025-08-13T09:12:56","date_gmt":"2025-08-13T12:12:56","guid":{"rendered":"https:\/\/www.sudoestehoje.com.br\/novoportal\/?p=123065"},"modified":"2025-08-13T09:17:23","modified_gmt":"2025-08-13T12:17:23","slug":"ex-vereador-de-ubaitaba-se-alista-no-exercito-ucraniano-para-combater-a-russia","status":"publish","type":"post","link":"https:\/\/www.sudoestehoje.com.br\/novoportal\/2025\/08\/13\/ex-vereador-de-ubaitaba-se-alista-no-exercito-ucraniano-para-combater-a-russia\/","title":{"rendered":"EX-VEREADOR DE UBAITABA SE ALISTA NO EX\u00c9RCITO UCRANIANO PARA COMBATER A R\u00daSSIA"},"content":{"rendered":"<p><img loading=\"lazy\" decoding=\"async\" class=\"alignnone size-full wp-image-123066\" src=\"https:\/\/www.sudoestehoje.com.br\/novoportal\/wp-content\/uploads\/2025\/08\/Imagem-do-WhatsApp-de-2025-08-13-as-09.10.38_334b076f.jpg\" alt=\"\" width=\"964\" height=\"604\" \/><\/p>\n<p>O ex-vereador de Ubaitaba, Nirlen Rafael Ferreira de Souza, 52 anos, conhecido como Rafael Buiquinho, est\u00e1 na Ucr\u00e2nia, onde se alistou para lutar na guerra contra a R\u00fassia.<\/p>\n<p>Nas redes sociais, Buiquinho vem publicando fotos usando uniforme militar ucraniano e portando um fuzil, o que causou surpresa e at\u00e9 incredulidade entre moradores da cidade. A informa\u00e7\u00e3o, por\u00e9m, foi confirmada: ele realmente est\u00e1 no pa\u00eds europeu.<\/p>\n<p>Segundo apura\u00e7\u00e3o, o ex-parlamentar chegou \u00e0 Ucr\u00e2nia h\u00e1 quase um m\u00eas, mas conseguiu efetivar seu alistamento apenas na \u00faltima semana. Por enquanto, ele participa de treinamentos militares e ainda n\u00e3o foi enviado para a linha de frente.<\/p>\n<p>A viagem foi viabilizada com o apoio financeiro de um empres\u00e1rio de Ubaitaba, que custeou as despesas de deslocamento. Com informa\u00e7\u00f5es do Ubaitaba Urgente.<\/p>\n","protected":false},"excerpt":{"rendered":"<p>O ex-vereador de Ubaitaba, Nirlen Rafael Ferreira de Souza, 52 anos, conhecido como Rafael Buiquinho, est\u00e1 na Ucr\u00e2nia, onde se alistou para lutar na guerra contra a R\u00fassia. Nas redes sociais, Buiquinho vem publicando fotos usando uniforme militar ucraniano e portando um fuzil, o que causou surpresa e at\u00e9 incredulidade entre moradores da cidade. A [&hellip;]<\/p>\n","protected":false},"author":2,"featured_media":123066,"comment_status":"closed","ping_status":"open","sticky":false,"template":"","format":"standard","meta":{"footnotes":"","_links_to":"","_links_to_target":""},"categories":[1],"tags":[],"class_list":["post-123065","post","type-post","status-publish","format-standard","has-post-thumbnail","hentry","category-geral"],"views":590,"_links":{"self":[{"href":"https:\/\/www.sudoestehoje.com.br\/novoportal\/wp-json\/wp\/v2\/posts\/123065","targetHints":{"allow":["GET"]}}],"collection":[{"href":"https:\/\/www.sudoestehoje.com.br\/novoportal\/wp-json\/wp\/v2\/posts"}],"about":[{"href":"https:\/\/www.sudoestehoje.com.br\/novoportal\/wp-json\/wp\/v2\/types\/post"}],"author":[{"embeddable":true,"href":"https:\/\/www.sudoestehoje.com.br\/novoportal\/wp-json\/wp\/v2\/users\/2"}],"replies":[{"embeddable":true,"href":"https:\/\/www.sudoestehoje.com.br\/novoportal\/wp-json\/wp\/v2\/comments?post=123065"}],"version-history":[{"count":1,"href":"https:\/\/www.sudoestehoje.com.br\/novoportal\/wp-json\/wp\/v2\/posts\/123065\/revisions"}],"predecessor-version":[{"id":123067,"href":"https:\/\/www.sudoestehoje.com.br\/novoportal\/wp-json\/wp\/v2\/posts\/123065\/revisions\/123067"}],"wp:featuredmedia":[{"embeddable":true,"href":"https:\/\/www.sudoestehoje.com.br\/novoportal\/wp-json\/wp\/v2\/media\/123066"}],"wp:attachment":[{"href":"https:\/\/www.sudoestehoje.com.br\/novoportal\/wp-json\/wp\/v2\/media?parent=123065"}],"wp:term":[{"taxonomy":"category","embeddable":true,"href":"https:\/\/www.sudoestehoje.com.br\/novoportal\/wp-json\/wp\/v2\/categories?post=123065"},{"taxonomy":"post_tag","embeddable":true,"href":"https:\/\/www.sudoestehoje.com.br\/novoportal\/wp-json\/wp\/v2\/tags?post=123065"}],"curies":[{"name":"wp","href":"https:\/\/api.w.org\/{rel}","templated":true}]}}