
{"id":123041,"date":"2025-08-12T16:53:44","date_gmt":"2025-08-12T19:53:44","guid":{"rendered":"https:\/\/www.sudoestehoje.com.br\/novoportal\/?p=123041"},"modified":"2025-08-12T16:53:48","modified_gmt":"2025-08-12T19:53:48","slug":"congresso-avalia-recolocar-municipio-e-estado-nas-placas-dos-veiculos","status":"publish","type":"post","link":"https:\/\/www.sudoestehoje.com.br\/novoportal\/2025\/08\/12\/congresso-avalia-recolocar-municipio-e-estado-nas-placas-dos-veiculos\/","title":{"rendered":"CONGRESSO AVALIA RECOLOCAR MUNIC\u00cdPIO E ESTADO NAS PLACAS DOS VE\u00cdCULOS"},"content":{"rendered":"<p><img loading=\"lazy\" decoding=\"async\" class=\"alignnone size-full wp-image-123042\" src=\"https:\/\/www.sudoestehoje.com.br\/novoportal\/wp-content\/uploads\/2025\/08\/tipos-de-placa-3.jpg\" alt=\"\" width=\"1024\" height=\"675\" \/><\/p>\n<p>Tramita no Congresso um projeto para recolocar o munic\u00edpio e o Estado nas placas de carro.<\/p>\n<p>O texto, que j\u00e1 passou no Senado, tamb\u00e9m prev\u00ea a inclus\u00e3o da bandeira da unidade da federa\u00e7\u00e3o na qual o ve\u00edculo est\u00e1 registrado. O texto \u00e9 do senador Esperidi\u00e3o Amin (PP-SC).<\/p>\n<p>Caso passe na C\u00e2mara dos Deputados, a lei entrar\u00e1 em vigor ap\u00f3s um ano.<\/p>\n","protected":false},"excerpt":{"rendered":"<p>Tramita no Congresso um projeto para recolocar o munic\u00edpio e o Estado nas placas de carro. O texto, que j\u00e1 passou no Senado, tamb\u00e9m prev\u00ea a inclus\u00e3o da bandeira da unidade da federa\u00e7\u00e3o na qual o ve\u00edculo est\u00e1 registrado. O texto \u00e9 do senador Esperidi\u00e3o Amin (PP-SC). Caso passe na C\u00e2mara dos Deputados, a lei [&hellip;]<\/p>\n","protected":false},"author":2,"featured_media":123042,"comment_status":"closed","ping_status":"open","sticky":false,"template":"","format":"standard","meta":{"footnotes":"","_links_to":"","_links_to_target":""},"categories":[1],"tags":[],"class_list":["post-123041","post","type-post","status-publish","format-standard","has-post-thumbnail","hentry","category-geral"],"views":655,"_links":{"self":[{"href":"https:\/\/www.sudoestehoje.com.br\/novoportal\/wp-json\/wp\/v2\/posts\/123041","targetHints":{"allow":["GET"]}}],"collection":[{"href":"https:\/\/www.sudoestehoje.com.br\/novoportal\/wp-json\/wp\/v2\/posts"}],"about":[{"href":"https:\/\/www.sudoestehoje.com.br\/novoportal\/wp-json\/wp\/v2\/types\/post"}],"author":[{"embeddable":true,"href":"https:\/\/www.sudoestehoje.com.br\/novoportal\/wp-json\/wp\/v2\/users\/2"}],"replies":[{"embeddable":true,"href":"https:\/\/www.sudoestehoje.com.br\/novoportal\/wp-json\/wp\/v2\/comments?post=123041"}],"version-history":[{"count":1,"href":"https:\/\/www.sudoestehoje.com.br\/novoportal\/wp-json\/wp\/v2\/posts\/123041\/revisions"}],"predecessor-version":[{"id":123043,"href":"https:\/\/www.sudoestehoje.com.br\/novoportal\/wp-json\/wp\/v2\/posts\/123041\/revisions\/123043"}],"wp:featuredmedia":[{"embeddable":true,"href":"https:\/\/www.sudoestehoje.com.br\/novoportal\/wp-json\/wp\/v2\/media\/123042"}],"wp:attachment":[{"href":"https:\/\/www.sudoestehoje.com.br\/novoportal\/wp-json\/wp\/v2\/media?parent=123041"}],"wp:term":[{"taxonomy":"category","embeddable":true,"href":"https:\/\/www.sudoestehoje.com.br\/novoportal\/wp-json\/wp\/v2\/categories?post=123041"},{"taxonomy":"post_tag","embeddable":true,"href":"https:\/\/www.sudoestehoje.com.br\/novoportal\/wp-json\/wp\/v2\/tags?post=123041"}],"curies":[{"name":"wp","href":"https:\/\/api.w.org\/{rel}","templated":true}]}}