
{"id":123037,"date":"2025-08-12T16:47:10","date_gmt":"2025-08-12T19:47:10","guid":{"rendered":"https:\/\/www.sudoestehoje.com.br\/novoportal\/?p=123037"},"modified":"2025-08-12T17:40:26","modified_gmt":"2025-08-12T20:40:26","slug":"governo-desativa-todos-os-radares-das-rodovias-federais-por-falta-de-recursos","status":"publish","type":"post","link":"https:\/\/www.sudoestehoje.com.br\/novoportal\/2025\/08\/12\/governo-desativa-todos-os-radares-das-rodovias-federais-por-falta-de-recursos\/","title":{"rendered":"GOVERNO DESATIVA TODOS OS RADARES DAS RODOVIAS FEDERAIS POR FALTA DE RECURSOS"},"content":{"rendered":"<p><img loading=\"lazy\" decoding=\"async\" class=\"alignnone size-full wp-image-123056\" src=\"https:\/\/www.sudoestehoje.com.br\/novoportal\/wp-content\/uploads\/2025\/08\/Imagem-do-WhatsApp-de-2025-08-12-as-17.27.01_af6e8d89.jpg\" alt=\"\" width=\"1079\" height=\"644\" \/><\/p>\n<p>Desde 1\u00ba de agosto, todos os radares das rodovias federais brasileiras foram desativados por falta de recursos or\u00e7ament\u00e1rios para manter o Programa Nacional de Controle Eletr\u00f4nico de Velocidade. A decis\u00e3o atinge 47 mil quil\u00f4metros de estradas monitoradas pelo sistema e preocupa especialistas em seguran\u00e7a vi\u00e1ria.<\/p>\n<p>Segundo o Departamento Nacional de Infraestrutura de Transportes (DNIT), a paralisa\u00e7\u00e3o \u00e9 consequ\u00eancia do corte de 88% no or\u00e7amento destinado \u00e0 fiscaliza\u00e7\u00e3o eletr\u00f4nica. Para manter os contratos ao longo do ano, seriam necess\u00e1rios R$ 364 milh\u00f5es, mas a Lei Or\u00e7ament\u00e1ria Anual liberou apenas R$ 43,3 milh\u00f5es. Com suplementa\u00e7\u00f5es e restos a pagar, o valor chegou a R$ 79,6 milh\u00f5es, insuficiente para cobrir as despesas at\u00e9 dezembro.<\/p>\n<p>A Associa\u00e7\u00e3o Brasileira das Empresas de Engenharia de Tr\u00e1fego (Abeetrans) j\u00e1 alertou que entrar\u00e1 na Justi\u00e7a caso os radares n\u00e3o sejam religados. De acordo com a entidade, os equipamentos s\u00e3o essenciais para conter o excesso de velocidade, principal fator de mortalidade nas estradas, segundo a Organiza\u00e7\u00e3o Mundial da Sa\u00fade.<\/p>\n","protected":false},"excerpt":{"rendered":"<p>Desde 1\u00ba de agosto, todos os radares das rodovias federais brasileiras foram desativados por falta de recursos or\u00e7ament\u00e1rios para manter o Programa Nacional de Controle Eletr\u00f4nico de Velocidade. A decis\u00e3o atinge 47 mil quil\u00f4metros de estradas monitoradas pelo sistema e preocupa especialistas em seguran\u00e7a vi\u00e1ria. Segundo o Departamento Nacional de Infraestrutura de Transportes (DNIT), a [&hellip;]<\/p>\n","protected":false},"author":2,"featured_media":123056,"comment_status":"closed","ping_status":"open","sticky":false,"template":"","format":"standard","meta":{"footnotes":"","_links_to":"","_links_to_target":""},"categories":[1],"tags":[],"class_list":["post-123037","post","type-post","status-publish","format-standard","has-post-thumbnail","hentry","category-geral"],"views":975,"_links":{"self":[{"href":"https:\/\/www.sudoestehoje.com.br\/novoportal\/wp-json\/wp\/v2\/posts\/123037","targetHints":{"allow":["GET"]}}],"collection":[{"href":"https:\/\/www.sudoestehoje.com.br\/novoportal\/wp-json\/wp\/v2\/posts"}],"about":[{"href":"https:\/\/www.sudoestehoje.com.br\/novoportal\/wp-json\/wp\/v2\/types\/post"}],"author":[{"embeddable":true,"href":"https:\/\/www.sudoestehoje.com.br\/novoportal\/wp-json\/wp\/v2\/users\/2"}],"replies":[{"embeddable":true,"href":"https:\/\/www.sudoestehoje.com.br\/novoportal\/wp-json\/wp\/v2\/comments?post=123037"}],"version-history":[{"count":3,"href":"https:\/\/www.sudoestehoje.com.br\/novoportal\/wp-json\/wp\/v2\/posts\/123037\/revisions"}],"predecessor-version":[{"id":123057,"href":"https:\/\/www.sudoestehoje.com.br\/novoportal\/wp-json\/wp\/v2\/posts\/123037\/revisions\/123057"}],"wp:featuredmedia":[{"embeddable":true,"href":"https:\/\/www.sudoestehoje.com.br\/novoportal\/wp-json\/wp\/v2\/media\/123056"}],"wp:attachment":[{"href":"https:\/\/www.sudoestehoje.com.br\/novoportal\/wp-json\/wp\/v2\/media?parent=123037"}],"wp:term":[{"taxonomy":"category","embeddable":true,"href":"https:\/\/www.sudoestehoje.com.br\/novoportal\/wp-json\/wp\/v2\/categories?post=123037"},{"taxonomy":"post_tag","embeddable":true,"href":"https:\/\/www.sudoestehoje.com.br\/novoportal\/wp-json\/wp\/v2\/tags?post=123037"}],"curies":[{"name":"wp","href":"https:\/\/api.w.org\/{rel}","templated":true}]}}