
{"id":123030,"date":"2025-08-12T09:52:30","date_gmt":"2025-08-12T12:52:30","guid":{"rendered":"https:\/\/www.sudoestehoje.com.br\/novoportal\/?p=123030"},"modified":"2025-08-12T09:52:30","modified_gmt":"2025-08-12T12:52:30","slug":"itapetinga-secretaria-do-meio-ambiente-capacita-catadores-e-distribui-epis","status":"publish","type":"post","link":"https:\/\/www.sudoestehoje.com.br\/novoportal\/2025\/08\/12\/itapetinga-secretaria-do-meio-ambiente-capacita-catadores-e-distribui-epis\/","title":{"rendered":"ITAPETINGA || SECRETARIA DO MEIO AMBIENTE CAPACITA CATADORES E DISTRIBUI EPIs"},"content":{"rendered":"<p><img loading=\"lazy\" decoding=\"async\" class=\"alignnone size-full wp-image-123035\" src=\"https:\/\/www.sudoestehoje.com.br\/novoportal\/wp-content\/uploads\/2025\/08\/Imagem-do-WhatsApp-de-2025-08-12-as-09.46.52_e5a68a15.jpg\" alt=\"\" width=\"1079\" height=\"684\" \/><\/p>\n<p>A Secretaria de Meio Ambiente juntamente com Defensoria P\u00fablica de Itapetinga realizou\u00a0 a Capacita\u00e7\u00e3o dos catadores de res\u00edduos s\u00f3lidos do munic\u00edpio, com o Tema: A import\u00e2ncia do Cooperativismo e da Organiza\u00e7\u00e3o dos Catadores na Gest\u00e3o dos Res\u00edduos S\u00f3lidos.<\/p>\n<p>A Capacita\u00e7\u00e3o foi realizada por representantes da Associa\u00e7\u00e3o dos Agentes Ambientais e Catadores de Recicl\u00e1veis de Itabuna (AACRRI), que compartilharam experi\u00eancias, conquistas e orienta\u00e7\u00f5es inspiradoras com nossos catadores locais.<img loading=\"lazy\" decoding=\"async\" class=\"alignnone size-full wp-image-123034\" src=\"https:\/\/www.sudoestehoje.com.br\/novoportal\/wp-content\/uploads\/2025\/08\/Imagem-do-WhatsApp-de-2025-08-12-as-09.33.11_b614dc48.jpg\" alt=\"\" width=\"1079\" height=\"644\" \/><\/p>\n<p>Ao Sudoeste Hoje, o secret\u00e1rio do Meio Ambiente, Cristian Oliveira, destacou a import\u00e2ncia do envolvimento do poder p\u00fablico no processo de coleta dos res\u00edduos, apoiando e treinando os nossos catadores.<\/p>\n<p>Durante o treinamento, equipamentos de seguran\u00e7a (EPIs) foram doados pelo munic\u00edpio, inaugurando uma parceria que transformar\u00e1 a gest\u00e3o do meio ambiente local, com o envolvimento do poder p\u00fablico. \/\/ Ascom Meio Ambiente<\/p>\n","protected":false},"excerpt":{"rendered":"<p>A Secretaria de Meio Ambiente juntamente com Defensoria P\u00fablica de Itapetinga realizou\u00a0 a Capacita\u00e7\u00e3o dos catadores de res\u00edduos s\u00f3lidos do munic\u00edpio, com o Tema: A import\u00e2ncia do Cooperativismo e da Organiza\u00e7\u00e3o dos Catadores na Gest\u00e3o dos Res\u00edduos S\u00f3lidos. A Capacita\u00e7\u00e3o foi realizada por representantes da Associa\u00e7\u00e3o dos Agentes Ambientais e Catadores de Recicl\u00e1veis de Itabuna [&hellip;]<\/p>\n","protected":false},"author":2,"featured_media":123035,"comment_status":"closed","ping_status":"open","sticky":false,"template":"","format":"standard","meta":{"footnotes":"","_links_to":"","_links_to_target":""},"categories":[1],"tags":[],"class_list":["post-123030","post","type-post","status-publish","format-standard","has-post-thumbnail","hentry","category-geral"],"views":692,"_links":{"self":[{"href":"https:\/\/www.sudoestehoje.com.br\/novoportal\/wp-json\/wp\/v2\/posts\/123030","targetHints":{"allow":["GET"]}}],"collection":[{"href":"https:\/\/www.sudoestehoje.com.br\/novoportal\/wp-json\/wp\/v2\/posts"}],"about":[{"href":"https:\/\/www.sudoestehoje.com.br\/novoportal\/wp-json\/wp\/v2\/types\/post"}],"author":[{"embeddable":true,"href":"https:\/\/www.sudoestehoje.com.br\/novoportal\/wp-json\/wp\/v2\/users\/2"}],"replies":[{"embeddable":true,"href":"https:\/\/www.sudoestehoje.com.br\/novoportal\/wp-json\/wp\/v2\/comments?post=123030"}],"version-history":[{"count":2,"href":"https:\/\/www.sudoestehoje.com.br\/novoportal\/wp-json\/wp\/v2\/posts\/123030\/revisions"}],"predecessor-version":[{"id":123036,"href":"https:\/\/www.sudoestehoje.com.br\/novoportal\/wp-json\/wp\/v2\/posts\/123030\/revisions\/123036"}],"wp:featuredmedia":[{"embeddable":true,"href":"https:\/\/www.sudoestehoje.com.br\/novoportal\/wp-json\/wp\/v2\/media\/123035"}],"wp:attachment":[{"href":"https:\/\/www.sudoestehoje.com.br\/novoportal\/wp-json\/wp\/v2\/media?parent=123030"}],"wp:term":[{"taxonomy":"category","embeddable":true,"href":"https:\/\/www.sudoestehoje.com.br\/novoportal\/wp-json\/wp\/v2\/categories?post=123030"},{"taxonomy":"post_tag","embeddable":true,"href":"https:\/\/www.sudoestehoje.com.br\/novoportal\/wp-json\/wp\/v2\/tags?post=123030"}],"curies":[{"name":"wp","href":"https:\/\/api.w.org\/{rel}","templated":true}]}}