
{"id":123011,"date":"2025-08-11T11:12:41","date_gmt":"2025-08-11T14:12:41","guid":{"rendered":"https:\/\/www.sudoestehoje.com.br\/novoportal\/?p=123011"},"modified":"2025-08-11T11:14:03","modified_gmt":"2025-08-11T14:14:03","slug":"bruno-reis-mantem-alta-popularidade-e-e-aprovado-por-78-da-populacao-de-salvador-diz-pesquisa","status":"publish","type":"post","link":"https:\/\/www.sudoestehoje.com.br\/novoportal\/2025\/08\/11\/bruno-reis-mantem-alta-popularidade-e-e-aprovado-por-78-da-populacao-de-salvador-diz-pesquisa\/","title":{"rendered":"BRUNO REIS MANT\u00c9M ALTA POPULARIDADE E \u00c9 APROVADO POR 78% DA POPULA\u00c7\u00c3O DE SALVADOR, DIZ PESQUISA"},"content":{"rendered":"<p><img loading=\"lazy\" decoding=\"async\" class=\"alignnone size-full wp-image-123013\" src=\"https:\/\/www.sudoestehoje.com.br\/novoportal\/wp-content\/uploads\/2025\/08\/Bruno-Reis-Salvador.jpg\" alt=\"\" width=\"1200\" height=\"675\" \/><\/p>\n<p>O prefeito de Salvador, Bruno Reis (Uni\u00e3o Brasil), registrou 78% de aprova\u00e7\u00e3o da popula\u00e7\u00e3o da capital baiana, segundo levantamento do instituto Paran\u00e1 Pesquisas divulgado pelo Bahia Not\u00edcias nesta segunda-feira (11). Apenas 18,7% disseram desaprovar a administra\u00e7\u00e3o e 3,2% n\u00e3o souberam ou n\u00e3o opinaram.<\/p>\n<p>O \u00edndice \u00e9 praticamente o mesmo obtido por Bruno nas urnas no ano passado, quando foi reeleito com 78,67% dos votos v\u00e1lidos. O levantamento ouviu 710 pessoas entre os dias 4 e 8 de agosto, tem margem de erro de 3,8 pontos percentuais e n\u00edvel de confian\u00e7a de 95%.<\/p>\n<p>De acordo com a pesquisa, 59,5% dos entrevistados consideram a gest\u00e3o \u201c\u00f3tima\u201d ou \u201cboa\u201d, o melhor desempenho j\u00e1 registrado por Bruno Reis na s\u00e9rie hist\u00f3rica da Paran\u00e1 Pesquisas em Salvador, superando inclusive o recorde de 57,7% de outubro do ano passado. Outros 26,5% classificaram como \u201cregular\u201d e apenas 12,1% avaliaram como \u201cruim\u201d ou \u201cp\u00e9ssima\u201d.<\/p>\n<p>A aprova\u00e7\u00e3o \u00e9 ainda mais expressiva em bairros perif\u00e9ricos. Em Val\u00e9ria, 88,9% da popula\u00e7\u00e3o aprovam o trabalho do prefeito. No Sub\u00farbio e nas Ilhas, o \u00edndice \u00e9 de 85,5%; na regi\u00e3o do Cabula e Tancredo Neves, 84,4%; e na Liberdade e S\u00e3o Caetano, 80,8%.<\/p>\n","protected":false},"excerpt":{"rendered":"<p>O prefeito de Salvador, Bruno Reis (Uni\u00e3o Brasil), registrou 78% de aprova\u00e7\u00e3o da popula\u00e7\u00e3o da capital baiana, segundo levantamento do instituto Paran\u00e1 Pesquisas divulgado pelo Bahia Not\u00edcias nesta segunda-feira (11). Apenas 18,7% disseram desaprovar a administra\u00e7\u00e3o e 3,2% n\u00e3o souberam ou n\u00e3o opinaram. O \u00edndice \u00e9 praticamente o mesmo obtido por Bruno nas urnas no [&hellip;]<\/p>\n","protected":false},"author":2,"featured_media":123013,"comment_status":"closed","ping_status":"open","sticky":false,"template":"","format":"standard","meta":{"footnotes":"","_links_to":"","_links_to_target":""},"categories":[1],"tags":[],"class_list":["post-123011","post","type-post","status-publish","format-standard","has-post-thumbnail","hentry","category-geral"],"views":600,"_links":{"self":[{"href":"https:\/\/www.sudoestehoje.com.br\/novoportal\/wp-json\/wp\/v2\/posts\/123011","targetHints":{"allow":["GET"]}}],"collection":[{"href":"https:\/\/www.sudoestehoje.com.br\/novoportal\/wp-json\/wp\/v2\/posts"}],"about":[{"href":"https:\/\/www.sudoestehoje.com.br\/novoportal\/wp-json\/wp\/v2\/types\/post"}],"author":[{"embeddable":true,"href":"https:\/\/www.sudoestehoje.com.br\/novoportal\/wp-json\/wp\/v2\/users\/2"}],"replies":[{"embeddable":true,"href":"https:\/\/www.sudoestehoje.com.br\/novoportal\/wp-json\/wp\/v2\/comments?post=123011"}],"version-history":[{"count":3,"href":"https:\/\/www.sudoestehoje.com.br\/novoportal\/wp-json\/wp\/v2\/posts\/123011\/revisions"}],"predecessor-version":[{"id":123015,"href":"https:\/\/www.sudoestehoje.com.br\/novoportal\/wp-json\/wp\/v2\/posts\/123011\/revisions\/123015"}],"wp:featuredmedia":[{"embeddable":true,"href":"https:\/\/www.sudoestehoje.com.br\/novoportal\/wp-json\/wp\/v2\/media\/123013"}],"wp:attachment":[{"href":"https:\/\/www.sudoestehoje.com.br\/novoportal\/wp-json\/wp\/v2\/media?parent=123011"}],"wp:term":[{"taxonomy":"category","embeddable":true,"href":"https:\/\/www.sudoestehoje.com.br\/novoportal\/wp-json\/wp\/v2\/categories?post=123011"},{"taxonomy":"post_tag","embeddable":true,"href":"https:\/\/www.sudoestehoje.com.br\/novoportal\/wp-json\/wp\/v2\/tags?post=123011"}],"curies":[{"name":"wp","href":"https:\/\/api.w.org\/{rel}","templated":true}]}}