
{"id":123007,"date":"2025-08-11T10:42:16","date_gmt":"2025-08-11T13:42:16","guid":{"rendered":"https:\/\/www.sudoestehoje.com.br\/novoportal\/?p=123007"},"modified":"2025-08-11T10:50:13","modified_gmt":"2025-08-11T13:50:13","slug":"homem-tem-mal-subito-na-fonte-nova-e-morre-antes-do-jogo-bahia-x-fluminense","status":"publish","type":"post","link":"https:\/\/www.sudoestehoje.com.br\/novoportal\/2025\/08\/11\/homem-tem-mal-subito-na-fonte-nova-e-morre-antes-do-jogo-bahia-x-fluminense\/","title":{"rendered":"HOMEM TEM MAL S\u00daBITO NA FONTE NOVA E MORRE ANTES DO JOGO BAHIA X FLUMINENSE"},"content":{"rendered":"<p><img loading=\"lazy\" decoding=\"async\" class=\"alignnone size-full wp-image-123009\" src=\"https:\/\/www.sudoestehoje.com.br\/novoportal\/wp-content\/uploads\/2025\/08\/csm_Collage_Maker-21-Apr-2023-11-31-PM-1538_679a5c18f8.jpg\" alt=\"\" width=\"940\" height=\"585\" \/><\/p>\n<p>Um homem identificado como Andr\u00e9 Batista dos Santos J\u00fanior, de 24 anos, sofreu um mal s\u00fabito e morreu neste s\u00e1bado (9), antes da partida entre Bahia e Fluminense.<\/p>\n<p>Ele chegou a ser socorrido tanto pelos brigadistas da Arena Fonte Nova quanto pela equipe m\u00e9dica da Vitalmed, mas n\u00e3o resistiu. Em nota, a Arena Fonte Nova lamentou o falecimento de Andr\u00e9 Batista dos Santos J\u00fanior ocorrido na tarde deste s\u00e1bado (9).<\/p>\n<p><em>\u201cO prestador de servi\u00e7o passou mal e foi atendido imediatamente pela equipe de brigadistas da Arena, que prestou os primeiros socorros. Em seguida, a equipe da Vitalmed chegou para continuar o atendimento mais avan\u00e7ado. Entretanto, apesar de todos os esfor\u00e7os, o rapaz veio a \u00f3bito. A Arena Fonte Nova se solidariza com a fam\u00edlia e os amigos\u201d<\/em>, informou a assessoria do est\u00e1dio.<\/p>\n","protected":false},"excerpt":{"rendered":"<p>Um homem identificado como Andr\u00e9 Batista dos Santos J\u00fanior, de 24 anos, sofreu um mal s\u00fabito e morreu neste s\u00e1bado (9), antes da partida entre Bahia e Fluminense. Ele chegou a ser socorrido tanto pelos brigadistas da Arena Fonte Nova quanto pela equipe m\u00e9dica da Vitalmed, mas n\u00e3o resistiu. Em nota, a Arena Fonte Nova [&hellip;]<\/p>\n","protected":false},"author":2,"featured_media":123009,"comment_status":"closed","ping_status":"open","sticky":false,"template":"","format":"standard","meta":{"footnotes":"","_links_to":"","_links_to_target":""},"categories":[1],"tags":[],"class_list":["post-123007","post","type-post","status-publish","format-standard","has-post-thumbnail","hentry","category-geral"],"views":713,"_links":{"self":[{"href":"https:\/\/www.sudoestehoje.com.br\/novoportal\/wp-json\/wp\/v2\/posts\/123007","targetHints":{"allow":["GET"]}}],"collection":[{"href":"https:\/\/www.sudoestehoje.com.br\/novoportal\/wp-json\/wp\/v2\/posts"}],"about":[{"href":"https:\/\/www.sudoestehoje.com.br\/novoportal\/wp-json\/wp\/v2\/types\/post"}],"author":[{"embeddable":true,"href":"https:\/\/www.sudoestehoje.com.br\/novoportal\/wp-json\/wp\/v2\/users\/2"}],"replies":[{"embeddable":true,"href":"https:\/\/www.sudoestehoje.com.br\/novoportal\/wp-json\/wp\/v2\/comments?post=123007"}],"version-history":[{"count":2,"href":"https:\/\/www.sudoestehoje.com.br\/novoportal\/wp-json\/wp\/v2\/posts\/123007\/revisions"}],"predecessor-version":[{"id":123010,"href":"https:\/\/www.sudoestehoje.com.br\/novoportal\/wp-json\/wp\/v2\/posts\/123007\/revisions\/123010"}],"wp:featuredmedia":[{"embeddable":true,"href":"https:\/\/www.sudoestehoje.com.br\/novoportal\/wp-json\/wp\/v2\/media\/123009"}],"wp:attachment":[{"href":"https:\/\/www.sudoestehoje.com.br\/novoportal\/wp-json\/wp\/v2\/media?parent=123007"}],"wp:term":[{"taxonomy":"category","embeddable":true,"href":"https:\/\/www.sudoestehoje.com.br\/novoportal\/wp-json\/wp\/v2\/categories?post=123007"},{"taxonomy":"post_tag","embeddable":true,"href":"https:\/\/www.sudoestehoje.com.br\/novoportal\/wp-json\/wp\/v2\/tags?post=123007"}],"curies":[{"name":"wp","href":"https:\/\/api.w.org\/{rel}","templated":true}]}}