
{"id":122997,"date":"2025-08-11T09:51:25","date_gmt":"2025-08-11T12:51:25","guid":{"rendered":"https:\/\/www.sudoestehoje.com.br\/novoportal\/?p=122997"},"modified":"2025-08-12T09:44:53","modified_gmt":"2025-08-12T12:44:53","slug":"quentinhas-gabirabas-querem-eduardo-e-rodrigo-juntos-nas-eleicoes-de-2026","status":"publish","type":"post","link":"https:\/\/www.sudoestehoje.com.br\/novoportal\/2025\/08\/11\/quentinhas-gabirabas-querem-eduardo-e-rodrigo-juntos-nas-eleicoes-de-2026\/","title":{"rendered":"QUENTINHAS | GABIRABAS QUEREM EDUARDO E RODRIGO JUNTOS NAS ELEI\u00c7\u00d5ES DE 2026"},"content":{"rendered":"<p><img loading=\"lazy\" decoding=\"async\" class=\"alignnone size-full wp-image-122709\" src=\"https:\/\/www.sudoestehoje.com.br\/novoportal\/wp-content\/uploads\/2025\/07\/b087fbc9-7971-44c9-b854-e0a5545b1623-2.jpg\" alt=\"\" width=\"539\" height=\"338\" \/><\/p>\n<p><strong>EDUARDO E RODRIGO JUNTAM?<\/strong><\/p>\n<p><strong>Apesar do afastamento pol\u00edtico entre os herdeiros do &#8216;michelismo&#8217;, Eduardo Hagge e Rodrigo, os gabirabas e &#8216;saru\u00eas&#8217;, como s\u00e3o conhecidos, ainda mant\u00e9m as esperan\u00e7as de uma recomposi\u00e7\u00e3o entre as duas lideran\u00e7as para as elei\u00e7\u00f5es de 2026. Na base do governo estadual, Eduardo j\u00e1 definiu o seu apoio a Jayme Vieira Lima, pr\u00e9-candidato a deputado federal. Jayme \u00e9 do cl\u00e3 do ex-ministro Geddel e vem forte para disputar uma vaga na c\u00e2mara federal.<\/strong><\/p>\n<p><strong>DEPUTADO ESTADUAL EM &#8216;STAND BY&#8217;<\/strong><\/p>\n<p><strong>O que d\u00e1 alguma esperan\u00e7a aos gabirabas e saru\u00eas \u00e9 a indefini\u00e7\u00e3o de Eduardo em rela\u00e7\u00e3o ao seu candidato a deputado estadual, cargo que dever\u00e1 ser disputado por Rodrigo. Apesar de ser cortejado por in\u00fameros pr\u00e9-candidatos, Eduardo n\u00e3o deu o &#8216;sim&#8217; a nenhum deles e isso indica que Rodrigo est\u00e1 no p\u00e1reo. O que pega, n\u00e3o s\u00e3o as &#8216;rusgas&#8217; familiares, mas o fato de Rodrigo ser da base de ACM Neto, que deve concorrer ao governo do estado, contra Jer\u00f4nimo. Mas isto n\u00e3o \u00e9 barreira intranspon\u00edvel para a uni\u00e3o dos gabirabas. Com intelig\u00eancia, pode-se at\u00e9 tirar vantagem da situa\u00e7\u00e3o. Pra quem conhece o jogo&#8230;<\/strong><\/p>\n<p><strong>CHAPA RODRIGO HAGGE E JAYME \u00c9 MUITO FORTE<\/strong><\/p>\n<p><strong>Apesar dos entraves, a ideia \u00e9 uma dobradinha entre Rodrigo e Jayme Vieira Lima, \u00fanica f\u00f3rmula de manter o &#8216;michelismo&#8217; vivo, com vistas a 2028, quando Eduardo dever\u00e1 disputar a reelei\u00e7\u00e3o. Ao longo dos meus 45 anos de milit\u00e2ncia no MDB, aprendi que n\u00e3o se faz pol\u00edtica visando o imediatismo, mas sempre pensando nas pr\u00f3ximas. Michel fazia isto&#8230;<\/strong><\/p>\n<p><strong>ANT\u00d4NIO BRITO COM GRUPO FORTALECIDO<\/strong><\/p>\n<p><strong>Detentor das maiores vota\u00e7\u00f5es para deputado federal nas duas \u00faltimas elei\u00e7\u00f5es, em Itapetinga e regi\u00e3o, Ant\u00f4nio Brito faz pol\u00edtica o tempo todo e avan\u00e7a sobre a base do prefeito Eduardo e demais partidos, capitalizando cerca de 9 ou 10 vereadores como seus cabos eleitorais. Isto atrapalha o candidato de Eduardo para federal e a uni\u00e3o com Rodrigo precisa ser avaliada, apesar de Eduardo e seu sobrinho divergiram nas prefer\u00eancias ao governo. Se isto acontecer, gabirabas antigos e os novos saru\u00eas voltam \u00e0s ruas vestidos de amarelo. Grupo dividido s\u00f3 interessa \u00e0 oposi\u00e7\u00e3o.<\/strong><\/p>\n<p><strong>Por Davi Ferraz<\/strong><\/p>\n","protected":false},"excerpt":{"rendered":"<p>EDUARDO E RODRIGO JUNTAM? Apesar do afastamento pol\u00edtico entre os herdeiros do &#8216;michelismo&#8217;, Eduardo Hagge e Rodrigo, os gabirabas e &#8216;saru\u00eas&#8217;, como s\u00e3o conhecidos, ainda mant\u00e9m as esperan\u00e7as de uma recomposi\u00e7\u00e3o entre as duas lideran\u00e7as para as elei\u00e7\u00f5es de 2026. Na base do governo estadual, Eduardo j\u00e1 definiu o seu apoio a Jayme Vieira Lima, [&hellip;]<\/p>\n","protected":false},"author":2,"featured_media":122709,"comment_status":"closed","ping_status":"open","sticky":false,"template":"","format":"standard","meta":{"footnotes":"","_links_to":"","_links_to_target":""},"categories":[1],"tags":[],"class_list":["post-122997","post","type-post","status-publish","format-standard","has-post-thumbnail","hentry","category-geral"],"views":525,"_links":{"self":[{"href":"https:\/\/www.sudoestehoje.com.br\/novoportal\/wp-json\/wp\/v2\/posts\/122997","targetHints":{"allow":["GET"]}}],"collection":[{"href":"https:\/\/www.sudoestehoje.com.br\/novoportal\/wp-json\/wp\/v2\/posts"}],"about":[{"href":"https:\/\/www.sudoestehoje.com.br\/novoportal\/wp-json\/wp\/v2\/types\/post"}],"author":[{"embeddable":true,"href":"https:\/\/www.sudoestehoje.com.br\/novoportal\/wp-json\/wp\/v2\/users\/2"}],"replies":[{"embeddable":true,"href":"https:\/\/www.sudoestehoje.com.br\/novoportal\/wp-json\/wp\/v2\/comments?post=122997"}],"version-history":[{"count":11,"href":"https:\/\/www.sudoestehoje.com.br\/novoportal\/wp-json\/wp\/v2\/posts\/122997\/revisions"}],"predecessor-version":[{"id":123033,"href":"https:\/\/www.sudoestehoje.com.br\/novoportal\/wp-json\/wp\/v2\/posts\/122997\/revisions\/123033"}],"wp:featuredmedia":[{"embeddable":true,"href":"https:\/\/www.sudoestehoje.com.br\/novoportal\/wp-json\/wp\/v2\/media\/122709"}],"wp:attachment":[{"href":"https:\/\/www.sudoestehoje.com.br\/novoportal\/wp-json\/wp\/v2\/media?parent=122997"}],"wp:term":[{"taxonomy":"category","embeddable":true,"href":"https:\/\/www.sudoestehoje.com.br\/novoportal\/wp-json\/wp\/v2\/categories?post=122997"},{"taxonomy":"post_tag","embeddable":true,"href":"https:\/\/www.sudoestehoje.com.br\/novoportal\/wp-json\/wp\/v2\/tags?post=122997"}],"curies":[{"name":"wp","href":"https:\/\/api.w.org\/{rel}","templated":true}]}}