
{"id":122978,"date":"2025-08-08T08:48:15","date_gmt":"2025-08-08T11:48:15","guid":{"rendered":"https:\/\/www.sudoestehoje.com.br\/novoportal\/?p=122978"},"modified":"2025-08-08T08:48:15","modified_gmt":"2025-08-08T11:48:15","slug":"politica-joao-roma-atribui-taxacao-de-trump-as-bravatas-e-devaneios-de-lula-no-cenario-internacional","status":"publish","type":"post","link":"https:\/\/www.sudoestehoje.com.br\/novoportal\/2025\/08\/08\/politica-joao-roma-atribui-taxacao-de-trump-as-bravatas-e-devaneios-de-lula-no-cenario-internacional\/","title":{"rendered":"POL\u00cdTICA | JO\u00c3O ROMA ATRIBUI TAXA\u00c7\u00c3O DE TRUMP \u00c0S &#8216;BRAVATAS E DEVANEIOS&#8217; DE LULA NO CEN\u00c1RIO INTERNACIONAL"},"content":{"rendered":"<p><img loading=\"lazy\" decoding=\"async\" class=\"alignnone size-full wp-image-122980\" src=\"https:\/\/www.sudoestehoje.com.br\/novoportal\/wp-content\/uploads\/2025\/08\/campanha-dna-pessoas-desaparecidas-mcamgo-abr-250520211818-17.jpg\" alt=\"\" width=\"1100\" height=\"659\" \/><\/p>\n<p>O presidente do PL-Bahia e ex-ministro da Cidadania, Jo\u00e3o Roma, explicou que a taxa\u00e7\u00e3o imposta pelo presidente dos Estados Unidos, Donald Trump, ao Brasil se deve \u00e0 pol\u00edtica externa equivocada do Governo Lula.<\/p>\n<p>\u201cO Brasil tem se aliado com o que h\u00e1 de pior no mundo inteiro. E at\u00e9 mesmo na reuni\u00e3o do BRICS, o presidente Lula fez uma bravata ao defender a substitui\u00e7\u00e3o do d\u00f3lar como moeda de refer\u00eancia internacional. Nem os presidentes da R\u00fassia e da China concordaram. Esses devaneios do nosso atual presidente v\u00e3o de encontro \u00e0 tradi\u00e7\u00e3o democr\u00e1tica da pol\u00edtica externa do Brasil e trazem duras consequ\u00eancias para o nosso Pa\u00eds\u201d, afirmou Roma em entrevista nesta quinta-feira (07\/08) para a R\u00e1dio Andai\u00e1 FM de Santo Ant\u00f4nio de Jesus.<\/p>\n<p>Roma disse que a pol\u00edtica externa equivocada de Lula e os absurdos jur\u00eddicos cometidos pelo ministro do Supremo Tribunal Federal Alexandre de Moraes, a exemplo da recente pris\u00e3o domiciliar do ex-presidente Jair Bolsonaro, levaram o presidente dos Estados Unidos, Donald Trump, a mandar um duro recado para o Brasil.<\/p>\n<p>\u201cO mundo assiste perplexo a esta crise estrutural no Brasil, que fragiliza o papel das nossas institui\u00e7\u00f5es. Por isso Trump citou a persegui\u00e7\u00e3o pol\u00edtica do Poder Judici\u00e1rio orquestrada por Alexandre de Moraes contra Bolsonaro logo no primeiro par\u00e1grafo da sua mensagem ao nosso Pa\u00eds\u201d, explicou.<\/p>\n<p>Roma fez tamb\u00e9m uma firme defesa da atua\u00e7\u00e3o pol\u00edtica do deputado federal Eduardo Bolsonaro. \u201cNenhum cidad\u00e3o brasileiro pode ficar satisfeito com medidas que possam prejudicar o Brasil, nem Eduardo. O papel dele tem sido muito importante para denunciar ao mundo o grande vexame que acontece hoje no Brasil. Qualquer pai teria orgulho de ter um filho como Eduardo Bolsonaro\u201d, destacou.<\/p>\n<p>Roma reafirmou sua pr\u00e9-candidatura a governador e sua disposi\u00e7\u00e3o de unir todas as for\u00e7as de oposi\u00e7\u00e3o aos 20 anos de atraso do PT na Bahia.<\/p>\n<p>\u201cTenho dialogado muito com o ex-prefeito ACM Neto, que tamb\u00e9m \u00e9 pr\u00e9-candidato ao governo da Bahia pelo Uni\u00e3o Brasil. O diagn\u00f3stico a que chegamos \u00e9 que mais importante do que definir quem ser\u00e1 o candidato para cada cargo \u00e9 unir todas as for\u00e7as que entendam que precisamos superar os 20 anos de atraso do PT na Bahia\u201d, defendeu.<\/p>\n","protected":false},"excerpt":{"rendered":"<p>O presidente do PL-Bahia e ex-ministro da Cidadania, Jo\u00e3o Roma, explicou que a taxa\u00e7\u00e3o imposta pelo presidente dos Estados Unidos, Donald Trump, ao Brasil se deve \u00e0 pol\u00edtica externa equivocada do Governo Lula. \u201cO Brasil tem se aliado com o que h\u00e1 de pior no mundo inteiro. E at\u00e9 mesmo na reuni\u00e3o do BRICS, o [&hellip;]<\/p>\n","protected":false},"author":2,"featured_media":122980,"comment_status":"closed","ping_status":"open","sticky":false,"template":"","format":"standard","meta":{"footnotes":"","_links_to":"","_links_to_target":""},"categories":[1],"tags":[],"class_list":["post-122978","post","type-post","status-publish","format-standard","has-post-thumbnail","hentry","category-geral"],"views":379,"_links":{"self":[{"href":"https:\/\/www.sudoestehoje.com.br\/novoportal\/wp-json\/wp\/v2\/posts\/122978","targetHints":{"allow":["GET"]}}],"collection":[{"href":"https:\/\/www.sudoestehoje.com.br\/novoportal\/wp-json\/wp\/v2\/posts"}],"about":[{"href":"https:\/\/www.sudoestehoje.com.br\/novoportal\/wp-json\/wp\/v2\/types\/post"}],"author":[{"embeddable":true,"href":"https:\/\/www.sudoestehoje.com.br\/novoportal\/wp-json\/wp\/v2\/users\/2"}],"replies":[{"embeddable":true,"href":"https:\/\/www.sudoestehoje.com.br\/novoportal\/wp-json\/wp\/v2\/comments?post=122978"}],"version-history":[{"count":2,"href":"https:\/\/www.sudoestehoje.com.br\/novoportal\/wp-json\/wp\/v2\/posts\/122978\/revisions"}],"predecessor-version":[{"id":122981,"href":"https:\/\/www.sudoestehoje.com.br\/novoportal\/wp-json\/wp\/v2\/posts\/122978\/revisions\/122981"}],"wp:featuredmedia":[{"embeddable":true,"href":"https:\/\/www.sudoestehoje.com.br\/novoportal\/wp-json\/wp\/v2\/media\/122980"}],"wp:attachment":[{"href":"https:\/\/www.sudoestehoje.com.br\/novoportal\/wp-json\/wp\/v2\/media?parent=122978"}],"wp:term":[{"taxonomy":"category","embeddable":true,"href":"https:\/\/www.sudoestehoje.com.br\/novoportal\/wp-json\/wp\/v2\/categories?post=122978"},{"taxonomy":"post_tag","embeddable":true,"href":"https:\/\/www.sudoestehoje.com.br\/novoportal\/wp-json\/wp\/v2\/tags?post=122978"}],"curies":[{"name":"wp","href":"https:\/\/api.w.org\/{rel}","templated":true}]}}