
{"id":12297,"date":"2012-01-21T19:35:03","date_gmt":"2012-01-21T22:35:03","guid":{"rendered":"http:\/\/www.sudoestehoje.com.br\/novoportal\/?p=12297"},"modified":"2012-01-21T19:35:03","modified_gmt":"2012-01-21T22:35:03","slug":"mpt-quer-que-azaleia-indenize-municipios-atingidos-pelo-fechamento-de-fabricas","status":"publish","type":"post","link":"https:\/\/www.sudoestehoje.com.br\/novoportal\/2012\/01\/21\/mpt-quer-que-azaleia-indenize-municipios-atingidos-pelo-fechamento-de-fabricas\/","title":{"rendered":"MPT QUER QUE AZAL\u00c9IA INDENIZE MUNIC\u00cdPIOS ATINGIDOS PELO FECHAMENTO DE F\u00c1BRICAS"},"content":{"rendered":"<p style=\"text-align: center;\"><img decoding=\"async\" class=\"aligncenter\" src=\"http:\/\/www.blogdaresenhageral.com.br\/v1\/wp-content\/uploads\/get_img1.jpg\" alt=\"\" width=\"400\" \/><\/p>\n<p>ITAPETINGA: O acordo firmado entre Vulcabr\u00e1s\/Azaleia e sindicato dos trabalhadores na \u00faltima quinta (29), n\u00e3o satisfez aos procuradores do Minist\u00e9rio P\u00fablico do Trabalho (MPT). O acordo d\u00e1 direito aos quase dois mil trabalhadores demitidos \u2013 das seis filiais que foram fechadas em dezembro \u2013 de receberem tr\u00eas meses de sal\u00e1rio, tr\u00eas cestas b\u00e1sicas e um par de t\u00eanis.<\/p>\n<p>O MPT, que move a\u00e7\u00e3o civil p\u00fablica na Justi\u00e7a Trabalhista contra a empresa, vai avaliar o acordo e pode exigir que a ind\u00fastria cal\u00e7adista indenize a popula\u00e7\u00e3o dos munic\u00edpios atingidos (Potiragu\u00e1, Itarantim, Ibicu\u00ed, Igua\u00ed, Itati, e Maiquinique) em R$ 14 milh\u00f5es como forma de reduzir os impactos sociais causados pela demiss\u00e3o em massa. Segundo a procuradora que est\u00e1 \u00e0 frente do caso no MPT, Rosangela Lacerda, a oferta citada no acordo parece ser muito pouco para uma empresa que est\u00e1 deixando a economia de seis munic\u00edpios completamente arrasada com o an\u00fancio do fechamento das unidades. Lacerda informou ainda que depois que o MPT receber a comunica\u00e7\u00e3o oficial, o MPT vai tomar todas as medidas legais poss\u00edveis para garantir o direito dos trabalhadores e da sociedade.<\/p>\n<p>Sobre as demiss\u00f5es, a procuradora declara: \u201cAcredito que em casos de demiss\u00e3o em massa, a empresa deva se comprometer em preparar os demitidos e oferecer a eles meios de fazer uma transi\u00e7\u00e3o para outras atividades profissionais\u201d.<\/p>\n<p>A indeniza\u00e7\u00e3o pleiteada seria revertida diretamente para entidades de assist\u00eancia a crian\u00e7as dos munic\u00edpios em que as unidades da f\u00e1brica foram fechadas. A primeira audi\u00eancia sobre a a\u00e7\u00e3o civil p\u00fablica movida pelo MPT tem data marcada para o dia 27 de mar\u00e7o.<\/p>\n","protected":false},"excerpt":{"rendered":"<p>ITAPETINGA: O acordo firmado entre Vulcabr\u00e1s\/Azaleia e sindicato dos trabalhadores na \u00faltima quinta (29), n\u00e3o satisfez aos procuradores do Minist\u00e9rio P\u00fablico do Trabalho (MPT). O acordo d\u00e1 direito aos quase dois mil trabalhadores demitidos \u2013 das seis filiais que foram fechadas em dezembro \u2013 de receberem tr\u00eas meses de sal\u00e1rio, tr\u00eas cestas b\u00e1sicas e um [&hellip;]<\/p>\n","protected":false},"author":2,"featured_media":0,"comment_status":"open","ping_status":"open","sticky":false,"template":"","format":"standard","meta":{"footnotes":"","_links_to":"","_links_to_target":""},"categories":[1],"tags":[],"class_list":["post-12297","post","type-post","status-publish","format-standard","hentry","category-geral"],"views":991,"_links":{"self":[{"href":"https:\/\/www.sudoestehoje.com.br\/novoportal\/wp-json\/wp\/v2\/posts\/12297","targetHints":{"allow":["GET"]}}],"collection":[{"href":"https:\/\/www.sudoestehoje.com.br\/novoportal\/wp-json\/wp\/v2\/posts"}],"about":[{"href":"https:\/\/www.sudoestehoje.com.br\/novoportal\/wp-json\/wp\/v2\/types\/post"}],"author":[{"embeddable":true,"href":"https:\/\/www.sudoestehoje.com.br\/novoportal\/wp-json\/wp\/v2\/users\/2"}],"replies":[{"embeddable":true,"href":"https:\/\/www.sudoestehoje.com.br\/novoportal\/wp-json\/wp\/v2\/comments?post=12297"}],"version-history":[{"count":3,"href":"https:\/\/www.sudoestehoje.com.br\/novoportal\/wp-json\/wp\/v2\/posts\/12297\/revisions"}],"predecessor-version":[{"id":12300,"href":"https:\/\/www.sudoestehoje.com.br\/novoportal\/wp-json\/wp\/v2\/posts\/12297\/revisions\/12300"}],"wp:attachment":[{"href":"https:\/\/www.sudoestehoje.com.br\/novoportal\/wp-json\/wp\/v2\/media?parent=12297"}],"wp:term":[{"taxonomy":"category","embeddable":true,"href":"https:\/\/www.sudoestehoje.com.br\/novoportal\/wp-json\/wp\/v2\/categories?post=12297"},{"taxonomy":"post_tag","embeddable":true,"href":"https:\/\/www.sudoestehoje.com.br\/novoportal\/wp-json\/wp\/v2\/tags?post=12297"}],"curies":[{"name":"wp","href":"https:\/\/api.w.org\/{rel}","templated":true}]}}