
{"id":122968,"date":"2025-08-07T18:35:10","date_gmt":"2025-08-07T21:35:10","guid":{"rendered":"https:\/\/www.sudoestehoje.com.br\/novoportal\/?p=122968"},"modified":"2025-08-07T18:35:10","modified_gmt":"2025-08-07T21:35:10","slug":"itabuna-frequencia-politica-estreia-nova-fase-com-expansao-para-3-emissoras-e-reforco-da-bancada","status":"publish","type":"post","link":"https:\/\/www.sudoestehoje.com.br\/novoportal\/2025\/08\/07\/itabuna-frequencia-politica-estreia-nova-fase-com-expansao-para-3-emissoras-e-reforco-da-bancada\/","title":{"rendered":"ITABUNA | FREQU\u00caNCIA POL\u00cdTICA ESTREIA NOVA FASE COM EXPANS\u00c3O PARA 3 EMISSORAS E REFOR\u00c7O DA BANCADA"},"content":{"rendered":"<p><img loading=\"lazy\" decoding=\"async\" class=\"alignnone size-full wp-image-122970\" src=\"https:\/\/www.sudoestehoje.com.br\/novoportal\/wp-content\/uploads\/2025\/08\/Imagem-do-WhatsApp-de-2025-08-07-as-16.26.15_c4b69794.jpg\" alt=\"\" width=\"1080\" height=\"1350\" \/><\/p>\n<p>O programa Frequ\u00eancia Pol\u00edtica inicia uma nova fase a partir do pr\u00f3ximo s\u00e1bado, sob o comando do analista pol\u00edtico Jo\u00e3o Matheus. A atra\u00e7\u00e3o passa a contar com a jornalista Hort\u00eansia Rosa na bancada, al\u00e9m das participa\u00e7\u00f5es dos comunicadores Silmara Souza e Geovane Lima.<\/p>\n<p>A grande novidade \u00e9 a amplia\u00e7\u00e3o da transmiss\u00e3o. Al\u00e9m das r\u00e1dios Interativa e Difusora de Itabuna, o programa tamb\u00e9m ser\u00e1 veiculado pela Itapuy FM, de Itoror\u00f3 \u2014 emissora que figura entre as l\u00edderes de audi\u00eancia no M\u00e9dio Sudoeste baiano, com alcance em diversas cidades da Bahia e tamb\u00e9m de Minas Gerais.<\/p>\n<p>Com foco em an\u00e1lise pol\u00edtica, bastidores e entrevistas, o Frequ\u00eancia Pol\u00edtica aposta em uma linguagem acess\u00edvel, din\u00e2mica e informativa, buscando consolidar ainda mais sua audi\u00eancia regional.<\/p>\n","protected":false},"excerpt":{"rendered":"<p>O programa Frequ\u00eancia Pol\u00edtica inicia uma nova fase a partir do pr\u00f3ximo s\u00e1bado, sob o comando do analista pol\u00edtico Jo\u00e3o Matheus. A atra\u00e7\u00e3o passa a contar com a jornalista Hort\u00eansia Rosa na bancada, al\u00e9m das participa\u00e7\u00f5es dos comunicadores Silmara Souza e Geovane Lima. A grande novidade \u00e9 a amplia\u00e7\u00e3o da transmiss\u00e3o. Al\u00e9m das r\u00e1dios Interativa [&hellip;]<\/p>\n","protected":false},"author":2,"featured_media":122970,"comment_status":"closed","ping_status":"open","sticky":false,"template":"","format":"standard","meta":{"footnotes":"","_links_to":"","_links_to_target":""},"categories":[1],"tags":[],"class_list":["post-122968","post","type-post","status-publish","format-standard","has-post-thumbnail","hentry","category-geral"],"views":385,"_links":{"self":[{"href":"https:\/\/www.sudoestehoje.com.br\/novoportal\/wp-json\/wp\/v2\/posts\/122968","targetHints":{"allow":["GET"]}}],"collection":[{"href":"https:\/\/www.sudoestehoje.com.br\/novoportal\/wp-json\/wp\/v2\/posts"}],"about":[{"href":"https:\/\/www.sudoestehoje.com.br\/novoportal\/wp-json\/wp\/v2\/types\/post"}],"author":[{"embeddable":true,"href":"https:\/\/www.sudoestehoje.com.br\/novoportal\/wp-json\/wp\/v2\/users\/2"}],"replies":[{"embeddable":true,"href":"https:\/\/www.sudoestehoje.com.br\/novoportal\/wp-json\/wp\/v2\/comments?post=122968"}],"version-history":[{"count":2,"href":"https:\/\/www.sudoestehoje.com.br\/novoportal\/wp-json\/wp\/v2\/posts\/122968\/revisions"}],"predecessor-version":[{"id":122971,"href":"https:\/\/www.sudoestehoje.com.br\/novoportal\/wp-json\/wp\/v2\/posts\/122968\/revisions\/122971"}],"wp:featuredmedia":[{"embeddable":true,"href":"https:\/\/www.sudoestehoje.com.br\/novoportal\/wp-json\/wp\/v2\/media\/122970"}],"wp:attachment":[{"href":"https:\/\/www.sudoestehoje.com.br\/novoportal\/wp-json\/wp\/v2\/media?parent=122968"}],"wp:term":[{"taxonomy":"category","embeddable":true,"href":"https:\/\/www.sudoestehoje.com.br\/novoportal\/wp-json\/wp\/v2\/categories?post=122968"},{"taxonomy":"post_tag","embeddable":true,"href":"https:\/\/www.sudoestehoje.com.br\/novoportal\/wp-json\/wp\/v2\/tags?post=122968"}],"curies":[{"name":"wp","href":"https:\/\/api.w.org\/{rel}","templated":true}]}}