
{"id":122963,"date":"2025-08-07T09:00:18","date_gmt":"2025-08-07T12:00:18","guid":{"rendered":"https:\/\/www.sudoestehoje.com.br\/novoportal\/?p=122963"},"modified":"2025-08-07T09:00:18","modified_gmt":"2025-08-07T12:00:18","slug":"magno-malta-se-acorrenta-na-mesa-do-senado-em-defesa-de-pautas-da-oposicao","status":"publish","type":"post","link":"https:\/\/www.sudoestehoje.com.br\/novoportal\/2025\/08\/07\/magno-malta-se-acorrenta-na-mesa-do-senado-em-defesa-de-pautas-da-oposicao\/","title":{"rendered":"MAGNO MALTA SE ACORRENTA NA MESA DO SENADO EM DEFESA DE PAUTAS DA OPOSI\u00c7\u00c3O"},"content":{"rendered":"<p data-start=\"894\" data-end=\"1285\"><img loading=\"lazy\" decoding=\"async\" class=\"alignnone  wp-image-122965\" src=\"https:\/\/www.sudoestehoje.com.br\/novoportal\/wp-content\/uploads\/2025\/08\/magno.jpg\" alt=\"\" width=\"581\" height=\"326\" \/><\/p>\n<p data-start=\"894\" data-end=\"1285\">O senador Magno Malta (PL-ES) protagonizou um ato incomum nesta quarta-feira (6) ao se acorrentar \u00e0 mesa do plen\u00e1rio do Senado Federal. Segundo ele, a manifesta\u00e7\u00e3o \u00e9 em defesa de tr\u00eas pautas: o impeachment do ministro do Supremo Tribunal Federal (STF) Alexandre de Moraes, a aprova\u00e7\u00e3o do Projeto de Lei da Anistia e o fim do foro privilegiado.<\/p>\n<p data-start=\"894\" data-end=\"1285\">Em v\u00eddeo divulgado nas redes sociais, o parlamentar afirmou que n\u00e3o ir\u00e1 mais participar de comiss\u00f5es nem registrar presen\u00e7a nas sess\u00f5es enquanto suas reivindica\u00e7\u00f5es n\u00e3o forem atendidas. \u201cEu n\u00e3o vou registrar presen\u00e7a, n\u00e3o vou em comiss\u00e3o nenhuma. Eu s\u00f3 saio daqui depois que tudo isso acontecer\u201d, declarou. \u201cSe quiserem montar outro Senado em outro lugar, que fa\u00e7am. Eu s\u00f3 saio daqui morto.\u201d<\/p>\n<p data-start=\"1287\" data-end=\"1468\">Magno Malta, que integra a base bolsonarista, refor\u00e7ou que sua atitude \u00e9 um protesto contra o que considera a omiss\u00e3o do Congresso diante de pautas defendidas por parte da oposi\u00e7\u00e3o.<\/p>\n<p data-start=\"1470\" data-end=\"1727\">Paralelamente, parlamentares oposicionistas nas duas Casas articulam uma estrat\u00e9gia de obstru\u00e7\u00e3o das vota\u00e7\u00f5es em plen\u00e1rio e nas comiss\u00f5es, numa esp\u00e9cie de \u201cgreve legislativa\u201d, como forma de pressionar a tramita\u00e7\u00e3o de projetos alinhados \u00e0 pauta conservadora.<\/p>\n<p data-start=\"1729\" data-end=\"1921\" data-is-last-node=\"\" data-is-only-node=\"\">At\u00e9 o momento, a presid\u00eancia do Senado n\u00e3o se pronunciou oficialmente sobre o protesto do senador ou sobre poss\u00edveis medidas regimentais em rela\u00e7\u00e3o \u00e0 sua aus\u00eancia nas atividades parlamentares.<\/p>\n","protected":false},"excerpt":{"rendered":"<p>O senador Magno Malta (PL-ES) protagonizou um ato incomum nesta quarta-feira (6) ao se acorrentar \u00e0 mesa do plen\u00e1rio do Senado Federal. Segundo ele, a manifesta\u00e7\u00e3o \u00e9 em defesa de tr\u00eas pautas: o impeachment do ministro do Supremo Tribunal Federal (STF) Alexandre de Moraes, a aprova\u00e7\u00e3o do Projeto de Lei da Anistia e o fim [&hellip;]<\/p>\n","protected":false},"author":2,"featured_media":122965,"comment_status":"closed","ping_status":"open","sticky":false,"template":"","format":"standard","meta":{"footnotes":"","_links_to":"","_links_to_target":""},"categories":[1],"tags":[],"class_list":["post-122963","post","type-post","status-publish","format-standard","has-post-thumbnail","hentry","category-geral"],"views":419,"_links":{"self":[{"href":"https:\/\/www.sudoestehoje.com.br\/novoportal\/wp-json\/wp\/v2\/posts\/122963","targetHints":{"allow":["GET"]}}],"collection":[{"href":"https:\/\/www.sudoestehoje.com.br\/novoportal\/wp-json\/wp\/v2\/posts"}],"about":[{"href":"https:\/\/www.sudoestehoje.com.br\/novoportal\/wp-json\/wp\/v2\/types\/post"}],"author":[{"embeddable":true,"href":"https:\/\/www.sudoestehoje.com.br\/novoportal\/wp-json\/wp\/v2\/users\/2"}],"replies":[{"embeddable":true,"href":"https:\/\/www.sudoestehoje.com.br\/novoportal\/wp-json\/wp\/v2\/comments?post=122963"}],"version-history":[{"count":3,"href":"https:\/\/www.sudoestehoje.com.br\/novoportal\/wp-json\/wp\/v2\/posts\/122963\/revisions"}],"predecessor-version":[{"id":122967,"href":"https:\/\/www.sudoestehoje.com.br\/novoportal\/wp-json\/wp\/v2\/posts\/122963\/revisions\/122967"}],"wp:featuredmedia":[{"embeddable":true,"href":"https:\/\/www.sudoestehoje.com.br\/novoportal\/wp-json\/wp\/v2\/media\/122965"}],"wp:attachment":[{"href":"https:\/\/www.sudoestehoje.com.br\/novoportal\/wp-json\/wp\/v2\/media?parent=122963"}],"wp:term":[{"taxonomy":"category","embeddable":true,"href":"https:\/\/www.sudoestehoje.com.br\/novoportal\/wp-json\/wp\/v2\/categories?post=122963"},{"taxonomy":"post_tag","embeddable":true,"href":"https:\/\/www.sudoestehoje.com.br\/novoportal\/wp-json\/wp\/v2\/tags?post=122963"}],"curies":[{"name":"wp","href":"https:\/\/api.w.org\/{rel}","templated":true}]}}