
{"id":122938,"date":"2025-08-05T18:05:20","date_gmt":"2025-08-05T21:05:20","guid":{"rendered":"https:\/\/www.sudoestehoje.com.br\/novoportal\/?p=122938"},"modified":"2025-08-05T18:12:24","modified_gmt":"2025-08-05T21:12:24","slug":"consumo-preco-da-carne-nao-depende-de-trump-e-vai-subir-com-ou-sem-exportacao-para-os-eua","status":"publish","type":"post","link":"https:\/\/www.sudoestehoje.com.br\/novoportal\/2025\/08\/05\/consumo-preco-da-carne-nao-depende-de-trump-e-vai-subir-com-ou-sem-exportacao-para-os-eua\/","title":{"rendered":"CONSUMO | PRE\u00c7O DA CARNE N\u00c3O DEPENDE DE TRUMP E VAI SUBIR COM OU SEM EXPORTA\u00c7\u00c3O PARA OS EUA"},"content":{"rendered":"<p><img loading=\"lazy\" decoding=\"async\" class=\"alignnone size-full wp-image-122941\" src=\"https:\/\/www.sudoestehoje.com.br\/novoportal\/wp-content\/uploads\/2025\/08\/Imagem-do-WhatsApp-de-2025-08-05-as-18.10.47_3531850b.jpg\" alt=\"\" width=\"552\" height=\"377\" \/><\/p>\n<p>O boi gordo entra no m\u00eas de agosto ganhando for\u00e7a no pre\u00e7o da arroba e anunciando, em breve, ligeira alta para o consumidor.<\/p>\n<p>H\u00e1 v\u00e1rias justificativas para novos pre\u00e7os da carne bovina, com ou sem exporta\u00e7\u00e3o para os Estados Unidos. Uma delas come\u00e7a com a volta as aulas, seguida pelo Dia do Pais que se aproxima.<\/p>\n<p>Com as aulas em curso consome-se mais carne, inclusive na merenda escolar, aumentando tamb\u00e9m o consumo de ovos.<\/p>\n<p>Dentro do mercado da carne propriamente dito, \u00e9 preciso levar em considera\u00e7\u00e3o as pastagens que perdem qualidade e prote\u00edna com o frio e a falta de chuvas.<\/p>\n<p>O produtor que n\u00e3o conseguia manter seu gado com alimenta\u00e7\u00e3o suplementar, que fica mais cara nessa \u00e9poca do ano, acabou diminuindo ou vendendo o seu rebanho.<\/p>\n<p>Quem usa o semi-confinamento ou alimentando o gado s\u00f3 no cocho, tem mais condi\u00e7\u00e3o de escalonar a venda do boi esperando melhores pre\u00e7os.<\/p>\n<p>H\u00e1 tamb\u00e9m o intervalo do abate de f\u00eameas que durou praticamente 3 anos. Hoje as matrizes ficam por conta da produ\u00e7\u00e3o de bezerros.<\/p>\n<p>Resumindo: com menos oferta de gado, mesmo com a press\u00e3o dos frigor\u00edficos, os pre\u00e7os da arroba sobem e seguem para o varejo, sobrecaindo no consumidor.<\/p>\n<p>O mercado futuro da B3 fechou ontem com alta de 1.6%. O pre\u00e7o da arroba prevista para dezembro subiu de 330 para 339 rerais. Mais uma vez a picanha ficando mais cara nas festas de fim de ano.<\/p>\n","protected":false},"excerpt":{"rendered":"<p>O boi gordo entra no m\u00eas de agosto ganhando for\u00e7a no pre\u00e7o da arroba e anunciando, em breve, ligeira alta para o consumidor. H\u00e1 v\u00e1rias justificativas para novos pre\u00e7os da carne bovina, com ou sem exporta\u00e7\u00e3o para os Estados Unidos. Uma delas come\u00e7a com a volta as aulas, seguida pelo Dia do Pais que se [&hellip;]<\/p>\n","protected":false},"author":2,"featured_media":122941,"comment_status":"closed","ping_status":"open","sticky":false,"template":"","format":"standard","meta":{"footnotes":"","_links_to":"","_links_to_target":""},"categories":[1],"tags":[],"class_list":["post-122938","post","type-post","status-publish","format-standard","has-post-thumbnail","hentry","category-geral"],"views":796,"_links":{"self":[{"href":"https:\/\/www.sudoestehoje.com.br\/novoportal\/wp-json\/wp\/v2\/posts\/122938","targetHints":{"allow":["GET"]}}],"collection":[{"href":"https:\/\/www.sudoestehoje.com.br\/novoportal\/wp-json\/wp\/v2\/posts"}],"about":[{"href":"https:\/\/www.sudoestehoje.com.br\/novoportal\/wp-json\/wp\/v2\/types\/post"}],"author":[{"embeddable":true,"href":"https:\/\/www.sudoestehoje.com.br\/novoportal\/wp-json\/wp\/v2\/users\/2"}],"replies":[{"embeddable":true,"href":"https:\/\/www.sudoestehoje.com.br\/novoportal\/wp-json\/wp\/v2\/comments?post=122938"}],"version-history":[{"count":2,"href":"https:\/\/www.sudoestehoje.com.br\/novoportal\/wp-json\/wp\/v2\/posts\/122938\/revisions"}],"predecessor-version":[{"id":122942,"href":"https:\/\/www.sudoestehoje.com.br\/novoportal\/wp-json\/wp\/v2\/posts\/122938\/revisions\/122942"}],"wp:featuredmedia":[{"embeddable":true,"href":"https:\/\/www.sudoestehoje.com.br\/novoportal\/wp-json\/wp\/v2\/media\/122941"}],"wp:attachment":[{"href":"https:\/\/www.sudoestehoje.com.br\/novoportal\/wp-json\/wp\/v2\/media?parent=122938"}],"wp:term":[{"taxonomy":"category","embeddable":true,"href":"https:\/\/www.sudoestehoje.com.br\/novoportal\/wp-json\/wp\/v2\/categories?post=122938"},{"taxonomy":"post_tag","embeddable":true,"href":"https:\/\/www.sudoestehoje.com.br\/novoportal\/wp-json\/wp\/v2\/tags?post=122938"}],"curies":[{"name":"wp","href":"https:\/\/api.w.org\/{rel}","templated":true}]}}