
{"id":122930,"date":"2025-08-05T08:02:16","date_gmt":"2025-08-05T11:02:16","guid":{"rendered":"https:\/\/www.sudoestehoje.com.br\/novoportal\/?p=122930"},"modified":"2025-08-05T08:02:16","modified_gmt":"2025-08-05T11:02:16","slug":"enfim-partido-de-acm-neto-uniao-brasil-anuncia-rompimento-com-o-governo-lula","status":"publish","type":"post","link":"https:\/\/www.sudoestehoje.com.br\/novoportal\/2025\/08\/05\/enfim-partido-de-acm-neto-uniao-brasil-anuncia-rompimento-com-o-governo-lula\/","title":{"rendered":"ENFIM | PARTIDO DE ACM NETO, UNI\u00c3O BRASIL, ANUNCIA ROMPIMENTO COM O GOVERNO LULA"},"content":{"rendered":"<p><img loading=\"lazy\" decoding=\"async\" class=\"alignnone size-full wp-image-122933\" src=\"https:\/\/www.sudoestehoje.com.br\/novoportal\/wp-content\/uploads\/2025\/08\/273811189_273471588435984_3363750774810446172_n.jpeg\" alt=\"\" width=\"1280\" height=\"854\" \/><\/p>\n<p>A c\u00fapula do Uni\u00e3o Brasil decidiu romper com o governo Lula e deixar\u00e1 dois dos tr\u00eas minist\u00e9rios que ocupa. A decis\u00e3o ser\u00e1 oficializada at\u00e9 setembro, mas o clima de rompimento j\u00e1 est\u00e1 escancarado.<\/p>\n<p>A legenda avisou que quem insistir em ficar, ser\u00e1 expulso. Celso Sabino, ministro do Turismo e \u00fanico filiado oficialmente ao partido, j\u00e1 foi avisado de que, se continuar como \u201ccota pessoal de Lula\u201d, est\u00e1 fora da sigla.<\/p>\n<p>Frederico Siqueira, das Comunica\u00e7\u00f5es, tamb\u00e9m ser\u00e1 orientado a sair, j\u00e1 que sua indica\u00e7\u00e3o foi uma imposi\u00e7\u00e3o direta do partido. A exce\u00e7\u00e3o fica com Waldez G\u00f3es, da Integra\u00e7\u00e3o, blindado por Davi Alcolumbre e ningu\u00e9m no Uni\u00e3o ousa mexer nos espa\u00e7os do senador.<\/p>\n<p>O racha ganhou for\u00e7a depois que o presidente da sigla, Antonio Rueda, fez duras cr\u00edticas ao governo Lula em pleno palco de um evento da XP Investimentos, em S\u00e3o Paulo. Rueda disparou: \u201co governo Lula n\u00e3o est\u00e1 conseguindo entregar o que a sociedade precisa\u201d, acusando o Planalto de falta de coragem e seriedade.<\/p>\n<p>Com 59 deputados federais, o Uni\u00e3o Brasil \u00e9 a terceira maior bancada da C\u00e2mara e sua sa\u00edda enfraquece ainda mais a j\u00e1 fr\u00e1gil base de apoio do governo, especialmente em vota\u00e7\u00f5es cruciais para a pauta econ\u00f4mica e pol\u00edtica do Planalto.<\/p>\n","protected":false},"excerpt":{"rendered":"<p>A c\u00fapula do Uni\u00e3o Brasil decidiu romper com o governo Lula e deixar\u00e1 dois dos tr\u00eas minist\u00e9rios que ocupa. A decis\u00e3o ser\u00e1 oficializada at\u00e9 setembro, mas o clima de rompimento j\u00e1 est\u00e1 escancarado. A legenda avisou que quem insistir em ficar, ser\u00e1 expulso. Celso Sabino, ministro do Turismo e \u00fanico filiado oficialmente ao partido, j\u00e1 [&hellip;]<\/p>\n","protected":false},"author":2,"featured_media":122933,"comment_status":"closed","ping_status":"open","sticky":false,"template":"","format":"standard","meta":{"footnotes":"","_links_to":"","_links_to_target":""},"categories":[1],"tags":[],"class_list":["post-122930","post","type-post","status-publish","format-standard","has-post-thumbnail","hentry","category-geral"],"views":403,"_links":{"self":[{"href":"https:\/\/www.sudoestehoje.com.br\/novoportal\/wp-json\/wp\/v2\/posts\/122930","targetHints":{"allow":["GET"]}}],"collection":[{"href":"https:\/\/www.sudoestehoje.com.br\/novoportal\/wp-json\/wp\/v2\/posts"}],"about":[{"href":"https:\/\/www.sudoestehoje.com.br\/novoportal\/wp-json\/wp\/v2\/types\/post"}],"author":[{"embeddable":true,"href":"https:\/\/www.sudoestehoje.com.br\/novoportal\/wp-json\/wp\/v2\/users\/2"}],"replies":[{"embeddable":true,"href":"https:\/\/www.sudoestehoje.com.br\/novoportal\/wp-json\/wp\/v2\/comments?post=122930"}],"version-history":[{"count":2,"href":"https:\/\/www.sudoestehoje.com.br\/novoportal\/wp-json\/wp\/v2\/posts\/122930\/revisions"}],"predecessor-version":[{"id":122934,"href":"https:\/\/www.sudoestehoje.com.br\/novoportal\/wp-json\/wp\/v2\/posts\/122930\/revisions\/122934"}],"wp:featuredmedia":[{"embeddable":true,"href":"https:\/\/www.sudoestehoje.com.br\/novoportal\/wp-json\/wp\/v2\/media\/122933"}],"wp:attachment":[{"href":"https:\/\/www.sudoestehoje.com.br\/novoportal\/wp-json\/wp\/v2\/media?parent=122930"}],"wp:term":[{"taxonomy":"category","embeddable":true,"href":"https:\/\/www.sudoestehoje.com.br\/novoportal\/wp-json\/wp\/v2\/categories?post=122930"},{"taxonomy":"post_tag","embeddable":true,"href":"https:\/\/www.sudoestehoje.com.br\/novoportal\/wp-json\/wp\/v2\/tags?post=122930"}],"curies":[{"name":"wp","href":"https:\/\/api.w.org\/{rel}","templated":true}]}}