
{"id":122925,"date":"2025-08-05T07:47:13","date_gmt":"2025-08-05T10:47:13","guid":{"rendered":"https:\/\/www.sudoestehoje.com.br\/novoportal\/?p=122925"},"modified":"2025-08-05T07:47:13","modified_gmt":"2025-08-05T10:47:13","slug":"deputado-de-cida-moura-deve-renunciar-para-assumir-vaga-de-conselheiro-no-tce","status":"publish","type":"post","link":"https:\/\/www.sudoestehoje.com.br\/novoportal\/2025\/08\/05\/deputado-de-cida-moura-deve-renunciar-para-assumir-vaga-de-conselheiro-no-tce\/","title":{"rendered":"DEPUTADO DE CIDA MOURA DEVE RENUNCIAR PARA ASSUMIR VAGA DE CONSELHEIRO NO TCE"},"content":{"rendered":"<p><img loading=\"lazy\" decoding=\"async\" class=\"alignnone size-full wp-image-122927\" src=\"https:\/\/www.sudoestehoje.com.br\/novoportal\/wp-content\/uploads\/2025\/08\/2a91e1a9-6fc6-44cb-ba55-cc6a40a35f87-600x474-1.jpg\" alt=\"\" width=\"600\" height=\"474\" \/><\/p>\n<p>O deputado federal Otto Alencar Filho (PSD), ligado a ex-candidata a prefeita de Itapetinga, Cida Moura (PSD), afirmou que sua poss\u00edvel indica\u00e7\u00e3o ao Tribunal de Contas do Estado da Bahia (TCE-BA) \u201cn\u00e3o passa de especula\u00e7\u00e3o\u201d. Nos bastidores, por\u00e9m, aliados dizem que o nome j\u00e1 est\u00e1 consolidado com apoio do governador Jer\u00f4nimo Rodrigues (PT).<\/p>\n<p>A vaga ser\u00e1 aberta com a aposentadoria do conselheiro Ant\u00f4nio Honorato. Se confirmada, a indica\u00e7\u00e3o reorganizaria for\u00e7as pol\u00edticas: Otto Filho sairia da C\u00e2mara, abrindo espa\u00e7o para Charles Fernandes e Dra. Elane.<\/p>\n<p>A cadeira no TCE \u00e9 vital\u00edcia, com alto sal\u00e1rio e poder fiscalizador. A articula\u00e7\u00e3o, feita sob influ\u00eancia do senador Otto Alencar, reacende o debate sobre hereditariedade e compadrio na pol\u00edtica baiana, enquanto a popula\u00e7\u00e3o segue \u00e0 margem, sem acesso a espa\u00e7os de poder.<\/p>\n","protected":false},"excerpt":{"rendered":"<p>O deputado federal Otto Alencar Filho (PSD), ligado a ex-candidata a prefeita de Itapetinga, Cida Moura (PSD), afirmou que sua poss\u00edvel indica\u00e7\u00e3o ao Tribunal de Contas do Estado da Bahia (TCE-BA) \u201cn\u00e3o passa de especula\u00e7\u00e3o\u201d. Nos bastidores, por\u00e9m, aliados dizem que o nome j\u00e1 est\u00e1 consolidado com apoio do governador Jer\u00f4nimo Rodrigues (PT). A vaga [&hellip;]<\/p>\n","protected":false},"author":2,"featured_media":122927,"comment_status":"closed","ping_status":"open","sticky":false,"template":"","format":"standard","meta":{"footnotes":"","_links_to":"","_links_to_target":""},"categories":[1],"tags":[],"class_list":["post-122925","post","type-post","status-publish","format-standard","has-post-thumbnail","hentry","category-geral"],"views":800,"_links":{"self":[{"href":"https:\/\/www.sudoestehoje.com.br\/novoportal\/wp-json\/wp\/v2\/posts\/122925","targetHints":{"allow":["GET"]}}],"collection":[{"href":"https:\/\/www.sudoestehoje.com.br\/novoportal\/wp-json\/wp\/v2\/posts"}],"about":[{"href":"https:\/\/www.sudoestehoje.com.br\/novoportal\/wp-json\/wp\/v2\/types\/post"}],"author":[{"embeddable":true,"href":"https:\/\/www.sudoestehoje.com.br\/novoportal\/wp-json\/wp\/v2\/users\/2"}],"replies":[{"embeddable":true,"href":"https:\/\/www.sudoestehoje.com.br\/novoportal\/wp-json\/wp\/v2\/comments?post=122925"}],"version-history":[{"count":3,"href":"https:\/\/www.sudoestehoje.com.br\/novoportal\/wp-json\/wp\/v2\/posts\/122925\/revisions"}],"predecessor-version":[{"id":122929,"href":"https:\/\/www.sudoestehoje.com.br\/novoportal\/wp-json\/wp\/v2\/posts\/122925\/revisions\/122929"}],"wp:featuredmedia":[{"embeddable":true,"href":"https:\/\/www.sudoestehoje.com.br\/novoportal\/wp-json\/wp\/v2\/media\/122927"}],"wp:attachment":[{"href":"https:\/\/www.sudoestehoje.com.br\/novoportal\/wp-json\/wp\/v2\/media?parent=122925"}],"wp:term":[{"taxonomy":"category","embeddable":true,"href":"https:\/\/www.sudoestehoje.com.br\/novoportal\/wp-json\/wp\/v2\/categories?post=122925"},{"taxonomy":"post_tag","embeddable":true,"href":"https:\/\/www.sudoestehoje.com.br\/novoportal\/wp-json\/wp\/v2\/tags?post=122925"}],"curies":[{"name":"wp","href":"https:\/\/api.w.org\/{rel}","templated":true}]}}