
{"id":122919,"date":"2025-08-04T18:28:15","date_gmt":"2025-08-04T21:28:15","guid":{"rendered":"https:\/\/www.sudoestehoje.com.br\/novoportal\/?p=122919"},"modified":"2025-08-04T18:28:43","modified_gmt":"2025-08-04T21:28:43","slug":"urgente-ministro-moraes-decreta-prisao-domiciliar-do-ex-presidente-jair-bolsonaro","status":"publish","type":"post","link":"https:\/\/www.sudoestehoje.com.br\/novoportal\/2025\/08\/04\/urgente-ministro-moraes-decreta-prisao-domiciliar-do-ex-presidente-jair-bolsonaro\/","title":{"rendered":"URGENTE! MINISTRO MORAES DECRETA PRIS\u00c3O DOMICILIAR DO EX-PRESIDENTE JAIR BOLSONARO"},"content":{"rendered":"<div id=\"chunk-5qf2m\">\n<div class=\"mc-column content-text active-extra-styles \" data-block-type=\"unstyled\" data-block-weight=\"23\" data-block-id=\"3\">\n<p data-track-category=\"Link no Texto\" data-track-links=\"\" data-mrf-recirculation=\"Mat\u00e9ria - Links no Texto\"><img loading=\"lazy\" decoding=\"async\" class=\"alignnone size-full wp-image-122922\" src=\"https:\/\/www.sudoestehoje.com.br\/novoportal\/wp-content\/uploads\/2025\/08\/o-ex-presidente-jair-bolsonaro-concede-entrevista-em-brasilia-1752870095493_v2_900x506.jpg\" alt=\"\" width=\"900\" height=\"506\" \/><\/p>\n<p class=\" content-text__container \" data-track-category=\"Link no Texto\" data-track-links=\"\" data-mrf-recirculation=\"Mat\u00e9ria - Links no Texto\">O ministro Alexandre de Moraes, do Supremo Tribunal Federal (STF), determinou nesta segunda-feira (4) a pris\u00e3o domiciliar do ex-presidente Jair Bolsonaro (PL).<\/p>\n<\/div>\n<\/div>\n<div class=\"wall protected-content\">\n<div id=\"chunk-1bgfs\">\n<div class=\"mc-column content-text active-extra-styles \" data-block-type=\"unstyled\" data-block-weight=\"20\" data-block-id=\"5\">\n<p class=\" content-text__container \" data-track-category=\"Link no Texto\" data-track-links=\"\" data-mrf-recirculation=\"Mat\u00e9ria - Links no Texto\">Moraes justificou que descumpriu as medidas cautelares impostas a ele, por ter veiculado conte\u00fado nas redes sociais dos filhos.<\/p>\n<\/div>\n<\/div>\n<div id=\"chunk-466ar\">\n<div class=\"mc-column content-text active-extra-styles \" data-block-type=\"unstyled\" data-block-weight=\"44\" data-block-id=\"6\">\n<p class=\" content-text__container \" data-track-category=\"Link no Texto\" data-track-links=\"\" data-mrf-recirculation=\"Mat\u00e9ria - Links no Texto\">Na decis\u00e3o, Moraes afirma que Bolsonaro utilizou redes sociais de aliados \u2013 incluindo seus tr\u00eas filhos parlamentares \u2013 para divulgar mensagens com \u201cclaro conte\u00fado de incentivo e instiga\u00e7\u00e3o a ataques ao Supremo Tribunal Federal e apoio ostensivo \u00e0 interven\u00e7\u00e3o estrangeira no Poder Judici\u00e1rio brasileiro\u201d.<\/p>\n<\/div>\n<\/div>\n<div id=\"chunk-6i7th\">\n<div class=\"mc-column content-text active-extra-styles \" data-block-type=\"unstyled\" data-block-weight=\"41\" data-block-id=\"7\">\n<p class=\" content-text__container \" data-track-category=\"Link no Texto\" data-track-links=\"\" data-mrf-recirculation=\"Mat\u00e9ria - Links no Texto\">\u201cN\u00e3o h\u00e1 d\u00favidas de que houve o descumprimento da medida cautelar imposta a Jair Messias Bolsonaro\u201d, escreveu Moraes. Para o ministro, a atua\u00e7\u00e3o do ex-presidente, mesmo sem o uso direto de seus perfis, burlou de forma deliberada a restri\u00e7\u00e3o imposta anteriormente.<\/p>\n<div id=\"chunk-27v9t\">\n<div class=\"mc-column content-text active-extra-styles \" data-block-type=\"unstyled\" data-block-weight=\"16\" data-block-id=\"9\">\n<p class=\" content-text__container \" data-track-category=\"Link no Texto\" data-track-links=\"\" data-mrf-recirculation=\"Mat\u00e9ria - Links no Texto\">Com isso, Moraes determinou que Bolsonaro cumpra pris\u00e3o domiciliar em seu endere\u00e7o residencial. A decis\u00e3o inclui:<\/p>\n<\/div>\n<\/div>\n<div id=\"chunk-3tfa7\">\n<div class=\"mc-column content-text active-extra-styles\" data-block-type=\"raw\" data-block-weight=\"21\" data-block-id=\"10\">\n<p>Uso de tornozeleira eletr\u00f4nica;<\/p>\n<p>Pproibi\u00e7\u00e3o de visitas, salvo por familiares pr\u00f3ximos e advogados;<\/p>\n<p>Recolhimento de todos os celulares dispon\u00edveis no local.<\/p>\n<\/div>\n<\/div>\n<\/div>\n<\/div>\n<\/div>\n","protected":false},"excerpt":{"rendered":"<p>O ministro Alexandre de Moraes, do Supremo Tribunal Federal (STF), determinou nesta segunda-feira (4) a pris\u00e3o domiciliar do ex-presidente Jair Bolsonaro (PL). Moraes justificou que descumpriu as medidas cautelares impostas a ele, por ter veiculado conte\u00fado nas redes sociais dos filhos. Na decis\u00e3o, Moraes afirma que Bolsonaro utilizou redes sociais de aliados \u2013 incluindo seus [&hellip;]<\/p>\n","protected":false},"author":2,"featured_media":122922,"comment_status":"closed","ping_status":"open","sticky":false,"template":"","format":"standard","meta":{"footnotes":"","_links_to":"","_links_to_target":""},"categories":[1],"tags":[],"class_list":["post-122919","post","type-post","status-publish","format-standard","has-post-thumbnail","hentry","category-geral"],"views":749,"_links":{"self":[{"href":"https:\/\/www.sudoestehoje.com.br\/novoportal\/wp-json\/wp\/v2\/posts\/122919","targetHints":{"allow":["GET"]}}],"collection":[{"href":"https:\/\/www.sudoestehoje.com.br\/novoportal\/wp-json\/wp\/v2\/posts"}],"about":[{"href":"https:\/\/www.sudoestehoje.com.br\/novoportal\/wp-json\/wp\/v2\/types\/post"}],"author":[{"embeddable":true,"href":"https:\/\/www.sudoestehoje.com.br\/novoportal\/wp-json\/wp\/v2\/users\/2"}],"replies":[{"embeddable":true,"href":"https:\/\/www.sudoestehoje.com.br\/novoportal\/wp-json\/wp\/v2\/comments?post=122919"}],"version-history":[{"count":4,"href":"https:\/\/www.sudoestehoje.com.br\/novoportal\/wp-json\/wp\/v2\/posts\/122919\/revisions"}],"predecessor-version":[{"id":122924,"href":"https:\/\/www.sudoestehoje.com.br\/novoportal\/wp-json\/wp\/v2\/posts\/122919\/revisions\/122924"}],"wp:featuredmedia":[{"embeddable":true,"href":"https:\/\/www.sudoestehoje.com.br\/novoportal\/wp-json\/wp\/v2\/media\/122922"}],"wp:attachment":[{"href":"https:\/\/www.sudoestehoje.com.br\/novoportal\/wp-json\/wp\/v2\/media?parent=122919"}],"wp:term":[{"taxonomy":"category","embeddable":true,"href":"https:\/\/www.sudoestehoje.com.br\/novoportal\/wp-json\/wp\/v2\/categories?post=122919"},{"taxonomy":"post_tag","embeddable":true,"href":"https:\/\/www.sudoestehoje.com.br\/novoportal\/wp-json\/wp\/v2\/tags?post=122919"}],"curies":[{"name":"wp","href":"https:\/\/api.w.org\/{rel}","templated":true}]}}