
{"id":122907,"date":"2025-08-04T11:19:19","date_gmt":"2025-08-04T14:19:19","guid":{"rendered":"https:\/\/www.sudoestehoje.com.br\/novoportal\/?p=122907"},"modified":"2025-08-04T12:26:17","modified_gmt":"2025-08-04T15:26:17","slug":"itapetinga-prefeito-eduardo-hagge-visita-projeto-agricola-da-familia-rezende","status":"publish","type":"post","link":"https:\/\/www.sudoestehoje.com.br\/novoportal\/2025\/08\/04\/itapetinga-prefeito-eduardo-hagge-visita-projeto-agricola-da-familia-rezende\/","title":{"rendered":"ITAPETINGA | PREFEITO EDUARDO HAGGE VISITA PROJETO AGR\u00cdCOLA DA FAM\u00cdLIA REZENDE"},"content":{"rendered":"<p><img loading=\"lazy\" decoding=\"async\" class=\"alignnone size-full wp-image-122909\" src=\"https:\/\/www.sudoestehoje.com.br\/novoportal\/wp-content\/uploads\/2025\/08\/Imagem-do-WhatsApp-de-2025-08-04-as-10.37.53_348a7d13.jpg\" alt=\"\" width=\"1052\" height=\"596\" \/><\/p>\n<p>Na manh\u00e3 desta segunda-feira (4), o prefeito Eduardo Hagge visitou o projeto agr\u00edcola do empres\u00e1rio Eder Rezende, em sua propriedade rural localizada no munic\u00edpio de Itapetinga, m\u00e9dio sudoeste baiano.<\/p>\n<p>Na propriedade denominada Rancho R3, localizada a 5 Km da zona urbana de Itapetinga, \u00e0s margens do Rio Catol\u00e9, Eder Rezende desenvolve a atividade agr\u00edcola de bananicultura irrigada, numa \u00e1rea de 60 hectares, com excelentes resultados, o que comprova a voca\u00e7\u00e3o do munic\u00edpio para diversas \u00e1reas da agricultura, al\u00e9m da sua tradicional voca\u00e7\u00e3o para a pecu\u00e1ria.<\/p>\n<p>Na \u00e1rea irrigada 60 ha da propriedade, \u00e9 desenvolvido o plantio de banana da terra e banana d&#8217;\u00e1gua, com perspectiva de ser aumentada para 120 ha, de acordo com a previs\u00e3o do projeto.<\/p>\n<p>Ao Sudoeste Hoje, o prefeito Eduardo Hagge destacou o potencial do munic\u00edpio para a fruticultura, lembrando que em outras regi\u00f5es da Bahia, a exemplo de Juazeiro e munic\u00edpios do norte, da Chapada e at\u00e9 do Sudoeste, o plantio de frutas tem gerado riquezas e empregos para a popula\u00e7\u00e3o e agricultores.<\/p>\n<p><em>&#8220;O desenvolvimento da agricultura no munic\u00edpio faz parte do nosso plano de governo e o projeto de Eder Rezende comprova que iniciativas desta natureza, com planejamento, recursos e incentivos governamentais podem ter sucesso e mudar a voca\u00e7\u00e3o agr\u00edcola de Itapetinga e toda a regi\u00e3o. Vamos apostar nisto&#8221;<\/em>, destacou Eduardo.<\/p>\n<p>Na visita t\u00e9cnica ao Rancho R3, Eduardo foi acompanhado pelos secret\u00e1rios Geraldo Trindade, Cristian Oliveira e Felizd\u00eanio Xavier, al\u00e9m de assessores e do pr\u00f3prio empres\u00e1rio Eder Rezende.<\/p>\n<p>Por Davi Ferraz<\/p>\n\n\t\t<style type=\"text\/css\">\n\t\t\t#gallery-1 {\n\t\t\t\tmargin: auto;\n\t\t\t}\n\t\t\t#gallery-1 .gallery-item {\n\t\t\t\tfloat: left;\n\t\t\t\tmargin-top: 10px;\n\t\t\t\ttext-align: center;\n\t\t\t\twidth: 33%;\n\t\t\t}\n\t\t\t#gallery-1 img {\n\t\t\t\tborder: 2px solid #cfcfcf;\n\t\t\t}\n\t\t\t#gallery-1 .gallery-caption {\n\t\t\t\tmargin-left: 0;\n\t\t\t}\n\t\t\t\/* see gallery_shortcode() in wp-includes\/media.php *\/\n\t\t<\/style>\n\t\t<div id='gallery-1' class='gallery galleryid-122907 gallery-columns-3 gallery-size-thumbnail'><dl class='gallery-item'>\n\t\t\t<dt class='gallery-icon landscape'>\n\t\t\t\t<a href='https:\/\/www.sudoestehoje.com.br\/novoportal\/2025\/08\/04\/itapetinga-prefeito-eduardo-hagge-visita-projeto-agricola-da-familia-rezende\/imagem-do-whatsapp-de-2025-08-04-as-09-24-08_9930253d\/'><img loading=\"lazy\" decoding=\"async\" width=\"150\" height=\"113\" src=\"https:\/\/www.sudoestehoje.com.br\/novoportal\/wp-content\/uploads\/2025\/08\/Imagem-do-WhatsApp-de-2025-08-04-as-09.24.08_9930253d.jpg\" class=\"attachment-thumbnail size-thumbnail\" alt=\"\" \/><\/a>\n\t\t\t<\/dt><\/dl><dl class='gallery-item'>\n\t\t\t<dt class='gallery-icon landscape'>\n\t\t\t\t<a href='https:\/\/www.sudoestehoje.com.br\/novoportal\/2025\/08\/04\/itapetinga-prefeito-eduardo-hagge-visita-projeto-agricola-da-familia-rezende\/imagem-do-whatsapp-de-2025-08-04-as-09-24-08_c7f9d0c6\/'><img loading=\"lazy\" decoding=\"async\" width=\"150\" height=\"113\" src=\"https:\/\/www.sudoestehoje.com.br\/novoportal\/wp-content\/uploads\/2025\/08\/Imagem-do-WhatsApp-de-2025-08-04-as-09.24.08_c7f9d0c6.jpg\" class=\"attachment-thumbnail size-thumbnail\" alt=\"\" \/><\/a>\n\t\t\t<\/dt><\/dl><dl class='gallery-item'>\n\t\t\t<dt class='gallery-icon landscape'>\n\t\t\t\t<a href='https:\/\/www.sudoestehoje.com.br\/novoportal\/2025\/08\/04\/itapetinga-prefeito-eduardo-hagge-visita-projeto-agricola-da-familia-rezende\/imagem-do-whatsapp-de-2025-08-04-as-11-01-03_70d9b5e2\/'><img loading=\"lazy\" decoding=\"async\" width=\"150\" height=\"113\" src=\"https:\/\/www.sudoestehoje.com.br\/novoportal\/wp-content\/uploads\/2025\/08\/Imagem-do-WhatsApp-de-2025-08-04-as-11.01.03_70d9b5e2.jpg\" class=\"attachment-thumbnail size-thumbnail\" alt=\"\" \/><\/a>\n\t\t\t<\/dt><\/dl><br style=\"clear: both\" \/>\n\t\t<\/div>\n\n","protected":false},"excerpt":{"rendered":"<p>Na manh\u00e3 desta segunda-feira (4), o prefeito Eduardo Hagge visitou o projeto agr\u00edcola do empres\u00e1rio Eder Rezende, em sua propriedade rural localizada no munic\u00edpio de Itapetinga, m\u00e9dio sudoeste baiano. Na propriedade denominada Rancho R3, localizada a 5 Km da zona urbana de Itapetinga, \u00e0s margens do Rio Catol\u00e9, Eder Rezende desenvolve a atividade agr\u00edcola de [&hellip;]<\/p>\n","protected":false},"author":2,"featured_media":122909,"comment_status":"closed","ping_status":"open","sticky":false,"template":"","format":"standard","meta":{"footnotes":"","_links_to":"","_links_to_target":""},"categories":[1],"tags":[],"class_list":["post-122907","post","type-post","status-publish","format-standard","has-post-thumbnail","hentry","category-geral"],"views":838,"_links":{"self":[{"href":"https:\/\/www.sudoestehoje.com.br\/novoportal\/wp-json\/wp\/v2\/posts\/122907","targetHints":{"allow":["GET"]}}],"collection":[{"href":"https:\/\/www.sudoestehoje.com.br\/novoportal\/wp-json\/wp\/v2\/posts"}],"about":[{"href":"https:\/\/www.sudoestehoje.com.br\/novoportal\/wp-json\/wp\/v2\/types\/post"}],"author":[{"embeddable":true,"href":"https:\/\/www.sudoestehoje.com.br\/novoportal\/wp-json\/wp\/v2\/users\/2"}],"replies":[{"embeddable":true,"href":"https:\/\/www.sudoestehoje.com.br\/novoportal\/wp-json\/wp\/v2\/comments?post=122907"}],"version-history":[{"count":7,"href":"https:\/\/www.sudoestehoje.com.br\/novoportal\/wp-json\/wp\/v2\/posts\/122907\/revisions"}],"predecessor-version":[{"id":122918,"href":"https:\/\/www.sudoestehoje.com.br\/novoportal\/wp-json\/wp\/v2\/posts\/122907\/revisions\/122918"}],"wp:featuredmedia":[{"embeddable":true,"href":"https:\/\/www.sudoestehoje.com.br\/novoportal\/wp-json\/wp\/v2\/media\/122909"}],"wp:attachment":[{"href":"https:\/\/www.sudoestehoje.com.br\/novoportal\/wp-json\/wp\/v2\/media?parent=122907"}],"wp:term":[{"taxonomy":"category","embeddable":true,"href":"https:\/\/www.sudoestehoje.com.br\/novoportal\/wp-json\/wp\/v2\/categories?post=122907"},{"taxonomy":"post_tag","embeddable":true,"href":"https:\/\/www.sudoestehoje.com.br\/novoportal\/wp-json\/wp\/v2\/tags?post=122907"}],"curies":[{"name":"wp","href":"https:\/\/api.w.org\/{rel}","templated":true}]}}