
{"id":122898,"date":"2025-08-04T08:59:49","date_gmt":"2025-08-04T11:59:49","guid":{"rendered":"https:\/\/www.sudoestehoje.com.br\/novoportal\/?p=122898"},"modified":"2025-08-04T09:02:47","modified_gmt":"2025-08-04T12:02:47","slug":"salvador-manifestacao-pela-anistia-e-contra-lula-e-moraes-reune-multidao-no-farol-da-barra","status":"publish","type":"post","link":"https:\/\/www.sudoestehoje.com.br\/novoportal\/2025\/08\/04\/salvador-manifestacao-pela-anistia-e-contra-lula-e-moraes-reune-multidao-no-farol-da-barra\/","title":{"rendered":"SALVADOR | MANIFESTA\u00c7\u00c3O PELA ANISTIA E CONTRA LULA E MORAES RE\u00daNE MULTID\u00c3O NO FAROL DA BARRA"},"content":{"rendered":"<p><img loading=\"lazy\" decoding=\"async\" class=\"alignnone size-full wp-image-122899\" src=\"https:\/\/www.sudoestehoje.com.br\/novoportal\/wp-content\/uploads\/2025\/08\/manifestacao-barra.jpg\" alt=\"\" width=\"600\" height=\"420\" \/><\/p>\n<p>Salvador tamb\u00e9m foi palco de protestos contra a censura e em defesa da liberdade de express\u00e3o no Brasil. Na manh\u00e3 deste domingo (03), uma multid\u00e3o se concentrou no Farol da Barra.<\/p>\n<p>O ministro Alexandre de Moraes, do Supremo Tribunal Federal (STF), e o presidente Luiz In\u00e1cio Lula da Silva (PT) foram os principais alvos das cr\u00edticas dos manifestantes.<\/p>\n<p>Parlamentares do PL marcaram presen\u00e7a na manifesta\u00e7\u00e3o, a exemplo dos deputados federal Capit\u00e3o Alden e estaduais Leandro de Jesus e Diego Castro. O vereador C\u00e9sar Leite tamb\u00e9m compareceu ao ato.<\/p>\n<p>Por meio de uma liga\u00e7\u00e3o de celular feita por Leandro de Jesus, o deputado federal licenciado Eduardo Bolsonaro se pronunciou durante o ato e foi aclamado pela multid\u00e3o.<\/p>\n<p>Para o presidente do PL Bahia, Jo\u00e3o Roma, as \u00faltimas pesquisas j\u00e1 sinalizaram o descontentamento dos baianos com o que vem acontecendo no pa\u00eds. \u201cOs \u00edndices de inten\u00e7\u00e3o de voto em Lula na Bahia j\u00e1 s\u00e3o bem inferiores ao resultado eleitoral de 2022 no estado, enquanto a prefer\u00eancia pelo ex-presidente Jair Bolsonaro s\u00f3 cresce\u201d, assinalou.<\/p>\n","protected":false},"excerpt":{"rendered":"<p>Salvador tamb\u00e9m foi palco de protestos contra a censura e em defesa da liberdade de express\u00e3o no Brasil. Na manh\u00e3 deste domingo (03), uma multid\u00e3o se concentrou no Farol da Barra. O ministro Alexandre de Moraes, do Supremo Tribunal Federal (STF), e o presidente Luiz In\u00e1cio Lula da Silva (PT) foram os principais alvos das [&hellip;]<\/p>\n","protected":false},"author":2,"featured_media":122899,"comment_status":"closed","ping_status":"open","sticky":false,"template":"","format":"standard","meta":{"footnotes":"","_links_to":"","_links_to_target":""},"categories":[1],"tags":[],"class_list":["post-122898","post","type-post","status-publish","format-standard","has-post-thumbnail","hentry","category-geral"],"views":383,"_links":{"self":[{"href":"https:\/\/www.sudoestehoje.com.br\/novoportal\/wp-json\/wp\/v2\/posts\/122898","targetHints":{"allow":["GET"]}}],"collection":[{"href":"https:\/\/www.sudoestehoje.com.br\/novoportal\/wp-json\/wp\/v2\/posts"}],"about":[{"href":"https:\/\/www.sudoestehoje.com.br\/novoportal\/wp-json\/wp\/v2\/types\/post"}],"author":[{"embeddable":true,"href":"https:\/\/www.sudoestehoje.com.br\/novoportal\/wp-json\/wp\/v2\/users\/2"}],"replies":[{"embeddable":true,"href":"https:\/\/www.sudoestehoje.com.br\/novoportal\/wp-json\/wp\/v2\/comments?post=122898"}],"version-history":[{"count":2,"href":"https:\/\/www.sudoestehoje.com.br\/novoportal\/wp-json\/wp\/v2\/posts\/122898\/revisions"}],"predecessor-version":[{"id":122901,"href":"https:\/\/www.sudoestehoje.com.br\/novoportal\/wp-json\/wp\/v2\/posts\/122898\/revisions\/122901"}],"wp:featuredmedia":[{"embeddable":true,"href":"https:\/\/www.sudoestehoje.com.br\/novoportal\/wp-json\/wp\/v2\/media\/122899"}],"wp:attachment":[{"href":"https:\/\/www.sudoestehoje.com.br\/novoportal\/wp-json\/wp\/v2\/media?parent=122898"}],"wp:term":[{"taxonomy":"category","embeddable":true,"href":"https:\/\/www.sudoestehoje.com.br\/novoportal\/wp-json\/wp\/v2\/categories?post=122898"},{"taxonomy":"post_tag","embeddable":true,"href":"https:\/\/www.sudoestehoje.com.br\/novoportal\/wp-json\/wp\/v2\/tags?post=122898"}],"curies":[{"name":"wp","href":"https:\/\/api.w.org\/{rel}","templated":true}]}}