
{"id":122878,"date":"2025-08-01T17:07:46","date_gmt":"2025-08-01T20:07:46","guid":{"rendered":"https:\/\/www.sudoestehoje.com.br\/novoportal\/?p=122878"},"modified":"2025-08-01T17:07:46","modified_gmt":"2025-08-01T20:07:46","slug":"educacao-governo-da-bahia-nao-tem-prazo-para-pagamento-da-4a-parcela-do-fundef","status":"publish","type":"post","link":"https:\/\/www.sudoestehoje.com.br\/novoportal\/2025\/08\/01\/educacao-governo-da-bahia-nao-tem-prazo-para-pagamento-da-4a-parcela-do-fundef\/","title":{"rendered":"EDUCA\u00c7\u00c3O | GOVERNO DA BAHIA N\u00c3O TEM PRAZO PARA PAGAMENTO DA 4\u00aa PARCELA DO FUNDEF"},"content":{"rendered":"<p><img loading=\"lazy\" decoding=\"async\" class=\"alignnone size-full wp-image-122881\" src=\"https:\/\/www.sudoestehoje.com.br\/novoportal\/wp-content\/uploads\/2025\/08\/Fundef.jpg\" alt=\"\" width=\"650\" height=\"407\" \/><\/p>\n<p>O governo da Bahia ainda n\u00e3o tem previs\u00e3o para o pagamento da quarta parcela dos precat\u00f3rios do Fundef destinada aos profissionais da educa\u00e7\u00e3o. Questionada, a Secretaria da Educa\u00e7\u00e3o do Estado afirmou que os recursos ainda n\u00e3o foram transferidos para as contas estaduais, o que inviabiliza, por ora, o repasse aos benefici\u00e1rios.<\/p>\n<p>A expectativa \u00e9 que cerca de R$ 1,5 bilh\u00e3o sejam liberados nesta etapa. Ap\u00f3s o dep\u00f3sito dos valores no Supremo Tribunal Federal (STF), cabe ao governador Jer\u00f4nimo Rodrigues (PT) solicitar a transfer\u00eancia para que os recursos sejam destinados ao pagamento dos servidores da rede estadual.<\/p>\n<p>A cobran\u00e7a pelo pagamento foi refor\u00e7ada pelo presidente da APLB Sindicato, professor Rui Oliveira, que divulgou v\u00eddeo nas redes sociais afirmando que os valores j\u00e1 est\u00e3o dispon\u00edveis na conta do STF e que a entidade vai intensificar a press\u00e3o sobre o governo estadual.<\/p>\n","protected":false},"excerpt":{"rendered":"<p>O governo da Bahia ainda n\u00e3o tem previs\u00e3o para o pagamento da quarta parcela dos precat\u00f3rios do Fundef destinada aos profissionais da educa\u00e7\u00e3o. Questionada, a Secretaria da Educa\u00e7\u00e3o do Estado afirmou que os recursos ainda n\u00e3o foram transferidos para as contas estaduais, o que inviabiliza, por ora, o repasse aos benefici\u00e1rios. A expectativa \u00e9 que [&hellip;]<\/p>\n","protected":false},"author":2,"featured_media":122881,"comment_status":"closed","ping_status":"open","sticky":false,"template":"","format":"standard","meta":{"footnotes":"","_links_to":"","_links_to_target":""},"categories":[1],"tags":[],"class_list":["post-122878","post","type-post","status-publish","format-standard","has-post-thumbnail","hentry","category-geral"],"views":663,"_links":{"self":[{"href":"https:\/\/www.sudoestehoje.com.br\/novoportal\/wp-json\/wp\/v2\/posts\/122878","targetHints":{"allow":["GET"]}}],"collection":[{"href":"https:\/\/www.sudoestehoje.com.br\/novoportal\/wp-json\/wp\/v2\/posts"}],"about":[{"href":"https:\/\/www.sudoestehoje.com.br\/novoportal\/wp-json\/wp\/v2\/types\/post"}],"author":[{"embeddable":true,"href":"https:\/\/www.sudoestehoje.com.br\/novoportal\/wp-json\/wp\/v2\/users\/2"}],"replies":[{"embeddable":true,"href":"https:\/\/www.sudoestehoje.com.br\/novoportal\/wp-json\/wp\/v2\/comments?post=122878"}],"version-history":[{"count":3,"href":"https:\/\/www.sudoestehoje.com.br\/novoportal\/wp-json\/wp\/v2\/posts\/122878\/revisions"}],"predecessor-version":[{"id":122882,"href":"https:\/\/www.sudoestehoje.com.br\/novoportal\/wp-json\/wp\/v2\/posts\/122878\/revisions\/122882"}],"wp:featuredmedia":[{"embeddable":true,"href":"https:\/\/www.sudoestehoje.com.br\/novoportal\/wp-json\/wp\/v2\/media\/122881"}],"wp:attachment":[{"href":"https:\/\/www.sudoestehoje.com.br\/novoportal\/wp-json\/wp\/v2\/media?parent=122878"}],"wp:term":[{"taxonomy":"category","embeddable":true,"href":"https:\/\/www.sudoestehoje.com.br\/novoportal\/wp-json\/wp\/v2\/categories?post=122878"},{"taxonomy":"post_tag","embeddable":true,"href":"https:\/\/www.sudoestehoje.com.br\/novoportal\/wp-json\/wp\/v2\/tags?post=122878"}],"curies":[{"name":"wp","href":"https:\/\/api.w.org\/{rel}","templated":true}]}}