
{"id":122875,"date":"2025-08-01T16:59:49","date_gmt":"2025-08-01T19:59:49","guid":{"rendered":"https:\/\/www.sudoestehoje.com.br\/novoportal\/?p=122875"},"modified":"2025-08-01T16:59:49","modified_gmt":"2025-08-01T19:59:49","slug":"frigorifico-e-interditado-em-ilheus-diretor-da-adab-comenta-decisao","status":"publish","type":"post","link":"https:\/\/www.sudoestehoje.com.br\/novoportal\/2025\/08\/01\/frigorifico-e-interditado-em-ilheus-diretor-da-adab-comenta-decisao\/","title":{"rendered":"FRIGOR\u00cdFICO \u00c9 INTERDITADO EM ILH\u00c9US; DIRETOR DA ADAB COMENTA DECIS\u00c3O"},"content":{"rendered":"<p><img loading=\"lazy\" decoding=\"async\" class=\"alignnone size-full wp-image-122876\" src=\"https:\/\/www.sudoestehoje.com.br\/novoportal\/wp-content\/uploads\/2025\/08\/carcaca-carne-frigorifico-2.jpg\" alt=\"\" width=\"800\" height=\"500\" \/><\/p>\n<p>A Ag\u00eancia de Defesa Agropecu\u00e1ria da Bahia (Adab) determinou a paralisa\u00e7\u00e3o das atividades do frigor\u00edfico Itacarne, no Banco da Vit\u00f3ria, em Ilh\u00e9us. A empresa teria violado a legisla\u00e7\u00e3o sanit\u00e1ria no manejo dos produtos que oferta ao mercado.<\/p>\n<p>O estabelecimento foi interditado nesta quarta-feira (30). Ao PIMENTA, o diretor de Inspe\u00e7\u00e3o da Adab, Jos\u00e9 Ramos, afirmou que os fiscais da Ag\u00eancia avaliam todo o processo de produ\u00e7\u00e3o de mercadorias e as condi\u00e7\u00f5es estruturais de funcionamento das unidades.<\/p>\n<p>\u201cUma vez que se detecte situa\u00e7\u00e3o que possa impor risco \u00e0 sa\u00fade p\u00fablica, com n\u00e3o atendimento das normas sanit\u00e1rias, nossas equipes adotam, de prontid\u00e3o, todas as medidas cab\u00edveis para evitar qualquer situa\u00e7\u00e3o que incorra, por exemplo, em impacto ambiental e aos produtos gerados ali\u201d, afirmou,<\/p>\n<p>O site tentou entrar em contato com o frigor\u00edfico por meio de n\u00fameros telef\u00f4nicos divulgados na internet, mas n\u00e3o conseguiu. At\u00e9 o momento, a empresa n\u00e3o se manifestou sobre a interdi\u00e7\u00e3o.<\/p>\n","protected":false},"excerpt":{"rendered":"<p>A Ag\u00eancia de Defesa Agropecu\u00e1ria da Bahia (Adab) determinou a paralisa\u00e7\u00e3o das atividades do frigor\u00edfico Itacarne, no Banco da Vit\u00f3ria, em Ilh\u00e9us. A empresa teria violado a legisla\u00e7\u00e3o sanit\u00e1ria no manejo dos produtos que oferta ao mercado. O estabelecimento foi interditado nesta quarta-feira (30). Ao PIMENTA, o diretor de Inspe\u00e7\u00e3o da Adab, Jos\u00e9 Ramos, afirmou [&hellip;]<\/p>\n","protected":false},"author":2,"featured_media":122876,"comment_status":"closed","ping_status":"open","sticky":false,"template":"","format":"standard","meta":{"footnotes":"","_links_to":"","_links_to_target":""},"categories":[1],"tags":[],"class_list":["post-122875","post","type-post","status-publish","format-standard","has-post-thumbnail","hentry","category-geral"],"views":923,"_links":{"self":[{"href":"https:\/\/www.sudoestehoje.com.br\/novoportal\/wp-json\/wp\/v2\/posts\/122875","targetHints":{"allow":["GET"]}}],"collection":[{"href":"https:\/\/www.sudoestehoje.com.br\/novoportal\/wp-json\/wp\/v2\/posts"}],"about":[{"href":"https:\/\/www.sudoestehoje.com.br\/novoportal\/wp-json\/wp\/v2\/types\/post"}],"author":[{"embeddable":true,"href":"https:\/\/www.sudoestehoje.com.br\/novoportal\/wp-json\/wp\/v2\/users\/2"}],"replies":[{"embeddable":true,"href":"https:\/\/www.sudoestehoje.com.br\/novoportal\/wp-json\/wp\/v2\/comments?post=122875"}],"version-history":[{"count":1,"href":"https:\/\/www.sudoestehoje.com.br\/novoportal\/wp-json\/wp\/v2\/posts\/122875\/revisions"}],"predecessor-version":[{"id":122877,"href":"https:\/\/www.sudoestehoje.com.br\/novoportal\/wp-json\/wp\/v2\/posts\/122875\/revisions\/122877"}],"wp:featuredmedia":[{"embeddable":true,"href":"https:\/\/www.sudoestehoje.com.br\/novoportal\/wp-json\/wp\/v2\/media\/122876"}],"wp:attachment":[{"href":"https:\/\/www.sudoestehoje.com.br\/novoportal\/wp-json\/wp\/v2\/media?parent=122875"}],"wp:term":[{"taxonomy":"category","embeddable":true,"href":"https:\/\/www.sudoestehoje.com.br\/novoportal\/wp-json\/wp\/v2\/categories?post=122875"},{"taxonomy":"post_tag","embeddable":true,"href":"https:\/\/www.sudoestehoje.com.br\/novoportal\/wp-json\/wp\/v2\/tags?post=122875"}],"curies":[{"name":"wp","href":"https:\/\/api.w.org\/{rel}","templated":true}]}}