
{"id":122872,"date":"2025-08-01T16:56:23","date_gmt":"2025-08-01T19:56:23","guid":{"rendered":"https:\/\/www.sudoestehoje.com.br\/novoportal\/?p=122872"},"modified":"2025-08-01T16:56:23","modified_gmt":"2025-08-01T19:56:23","slug":"acm-neto-lidera-corrida-eleitoral-na-bahia-segundo-a-parana-pesquisa","status":"publish","type":"post","link":"https:\/\/www.sudoestehoje.com.br\/novoportal\/2025\/08\/01\/acm-neto-lidera-corrida-eleitoral-na-bahia-segundo-a-parana-pesquisa\/","title":{"rendered":"ACM NETO LIDERA CORRIDA ELEITORAL NA BAHIA, SEGUNDO A PARAN\u00c1 PESQUISA"},"content":{"rendered":"<p><img loading=\"lazy\" decoding=\"async\" class=\"alignnone size-full wp-image-122873\" src=\"https:\/\/www.sudoestehoje.com.br\/novoportal\/wp-content\/uploads\/2025\/08\/jeronimo-e-acm-neto.jpeg\" alt=\"\" width=\"1024\" height=\"558\" \/><\/p>\n<p>ACM Neto (Uni\u00e3o) lidera a corrida ao Pal\u00e1cio de Ondina em 2026, segundo a mais recente pesquisa do Instituto Paran\u00e1. O ex-prefeito de Salvador tem 53,5% das inten\u00e7\u00f5es de voto ante 28,1% do governador Jer\u00f4nimo Rodrigues (PT).<\/p>\n<p>Mais distante, aparecem Jo\u00e3o Roma (PL), com 6,1%, e Kl\u00e9ber Rosa (PSOL), com 1,3%, no cen\u00e1rio estimulado, quando 4,6% n\u00e3o souberam ou n\u00e3o quiseram opinar.<\/p>\n<p>O Instituto tamb\u00e9m quis saber o humor do eleitorado em um cen\u00e1rio em que o nome do PT \u00e9 substitu\u00eddo pelo ministro da Casa Civil, o ex-governador Rui Costa.<\/p>\n<p>ACM Neto alcan\u00e7a 53,3% das inten\u00e7\u00f5es de voto contra 28% de Rui Costa (PT). Jo\u00e3o Roma vai a 6,2% e Kl\u00e9ber Rosa atinge 1,4%. Outros 4,3% n\u00e3o souberam ou n\u00e3o quiseram opinar.<\/p>\n<p>A Paran\u00e1 Pesquisa informou ter ouvido 1.620 eleitores baianos, no per\u00edodo de 25 a 29 de julho, em 66 munic\u00edpios. O levantamento, divulgado pelo\u00a0<em>Bahia Not\u00edcias<\/em>, tem intervalo de confian\u00e7a de 95% e margem de erro de 2,5 pontos percentuais.<\/p>\n","protected":false},"excerpt":{"rendered":"<p>ACM Neto (Uni\u00e3o) lidera a corrida ao Pal\u00e1cio de Ondina em 2026, segundo a mais recente pesquisa do Instituto Paran\u00e1. O ex-prefeito de Salvador tem 53,5% das inten\u00e7\u00f5es de voto ante 28,1% do governador Jer\u00f4nimo Rodrigues (PT). Mais distante, aparecem Jo\u00e3o Roma (PL), com 6,1%, e Kl\u00e9ber Rosa (PSOL), com 1,3%, no cen\u00e1rio estimulado, quando [&hellip;]<\/p>\n","protected":false},"author":2,"featured_media":122873,"comment_status":"closed","ping_status":"open","sticky":false,"template":"","format":"standard","meta":{"footnotes":"","_links_to":"","_links_to_target":""},"categories":[1],"tags":[],"class_list":["post-122872","post","type-post","status-publish","format-standard","has-post-thumbnail","hentry","category-geral"],"views":758,"_links":{"self":[{"href":"https:\/\/www.sudoestehoje.com.br\/novoportal\/wp-json\/wp\/v2\/posts\/122872","targetHints":{"allow":["GET"]}}],"collection":[{"href":"https:\/\/www.sudoestehoje.com.br\/novoportal\/wp-json\/wp\/v2\/posts"}],"about":[{"href":"https:\/\/www.sudoestehoje.com.br\/novoportal\/wp-json\/wp\/v2\/types\/post"}],"author":[{"embeddable":true,"href":"https:\/\/www.sudoestehoje.com.br\/novoportal\/wp-json\/wp\/v2\/users\/2"}],"replies":[{"embeddable":true,"href":"https:\/\/www.sudoestehoje.com.br\/novoportal\/wp-json\/wp\/v2\/comments?post=122872"}],"version-history":[{"count":1,"href":"https:\/\/www.sudoestehoje.com.br\/novoportal\/wp-json\/wp\/v2\/posts\/122872\/revisions"}],"predecessor-version":[{"id":122874,"href":"https:\/\/www.sudoestehoje.com.br\/novoportal\/wp-json\/wp\/v2\/posts\/122872\/revisions\/122874"}],"wp:featuredmedia":[{"embeddable":true,"href":"https:\/\/www.sudoestehoje.com.br\/novoportal\/wp-json\/wp\/v2\/media\/122873"}],"wp:attachment":[{"href":"https:\/\/www.sudoestehoje.com.br\/novoportal\/wp-json\/wp\/v2\/media?parent=122872"}],"wp:term":[{"taxonomy":"category","embeddable":true,"href":"https:\/\/www.sudoestehoje.com.br\/novoportal\/wp-json\/wp\/v2\/categories?post=122872"},{"taxonomy":"post_tag","embeddable":true,"href":"https:\/\/www.sudoestehoje.com.br\/novoportal\/wp-json\/wp\/v2\/tags?post=122872"}],"curies":[{"name":"wp","href":"https:\/\/api.w.org\/{rel}","templated":true}]}}