
{"id":12284,"date":"2012-01-20T22:01:34","date_gmt":"2012-01-21T01:01:34","guid":{"rendered":"http:\/\/www.sudoestehoje.com.br\/novoportal\/?p=12284"},"modified":"2012-01-20T22:01:34","modified_gmt":"2012-01-21T01:01:34","slug":"levaram-o-rabecao","status":"publish","type":"post","link":"https:\/\/www.sudoestehoje.com.br\/novoportal\/2012\/01\/20\/levaram-o-rabecao\/","title":{"rendered":"LEVARAM O RABEC\u00c3O"},"content":{"rendered":"<p style=\"text-align: center;\"><img decoding=\"async\" class=\"aligncenter\" src=\"http:\/\/www.blogdoanderson.com\/v2\/wp-content\/uploads\/DSC_0279.jpg\" alt=\"\" width=\"150\" \/><\/p>\n<p>Com o \u00fanico &#8216;Rabec\u00e3o&#8217; de Vit\u00f3ria da Conquista quebrado, h\u00e1 mais de 15 dias, o Departamento de Pol\u00edcia T\u00e9cnica da Bahia (DPT) resolveu mandar o de Itapetinga para &#8216;acudir&#8217; os defuntos de Conquista. Aparentemente o problema da coleta de mortos est\u00e1 resolvido, mas na microrregi\u00e3o de Itapetinga ficar\u00e1 sem o servi\u00e7o oficial por tempo indeterminado. A &#8216;solu\u00e7\u00e3o&#8217; adotada pelo DPT s\u00f3 saiu, depois da repercuss\u00e3o do problema em v\u00e1rios blogs baianos. Seria mais f\u00e1cil consertar o &#8216;Rabec\u00e3o&#8217; de Conquista, n\u00e3o fosse a burocracia e incompet\u00eancia estatal, que emperra o bom andamento do servi\u00e7o p\u00fablico. Agora, quem vai &#8216;acudir&#8217; os defuntos de Itapetinga?<\/p>\n","protected":false},"excerpt":{"rendered":"<p>Com o \u00fanico &#8216;Rabec\u00e3o&#8217; de Vit\u00f3ria da Conquista quebrado, h\u00e1 mais de 15 dias, o Departamento de Pol\u00edcia T\u00e9cnica da Bahia (DPT) resolveu mandar o de Itapetinga para &#8216;acudir&#8217; os defuntos de Conquista. Aparentemente o problema da coleta de mortos est\u00e1 resolvido, mas na microrregi\u00e3o de Itapetinga ficar\u00e1 sem o servi\u00e7o oficial por tempo indeterminado. [&hellip;]<\/p>\n","protected":false},"author":2,"featured_media":0,"comment_status":"open","ping_status":"open","sticky":false,"template":"","format":"standard","meta":{"footnotes":"","_links_to":"","_links_to_target":""},"categories":[11],"tags":[],"class_list":["post-12284","post","type-post","status-publish","format-standard","hentry","category-quentinhas"],"views":1222,"_links":{"self":[{"href":"https:\/\/www.sudoestehoje.com.br\/novoportal\/wp-json\/wp\/v2\/posts\/12284","targetHints":{"allow":["GET"]}}],"collection":[{"href":"https:\/\/www.sudoestehoje.com.br\/novoportal\/wp-json\/wp\/v2\/posts"}],"about":[{"href":"https:\/\/www.sudoestehoje.com.br\/novoportal\/wp-json\/wp\/v2\/types\/post"}],"author":[{"embeddable":true,"href":"https:\/\/www.sudoestehoje.com.br\/novoportal\/wp-json\/wp\/v2\/users\/2"}],"replies":[{"embeddable":true,"href":"https:\/\/www.sudoestehoje.com.br\/novoportal\/wp-json\/wp\/v2\/comments?post=12284"}],"version-history":[{"count":2,"href":"https:\/\/www.sudoestehoje.com.br\/novoportal\/wp-json\/wp\/v2\/posts\/12284\/revisions"}],"predecessor-version":[{"id":12286,"href":"https:\/\/www.sudoestehoje.com.br\/novoportal\/wp-json\/wp\/v2\/posts\/12284\/revisions\/12286"}],"wp:attachment":[{"href":"https:\/\/www.sudoestehoje.com.br\/novoportal\/wp-json\/wp\/v2\/media?parent=12284"}],"wp:term":[{"taxonomy":"category","embeddable":true,"href":"https:\/\/www.sudoestehoje.com.br\/novoportal\/wp-json\/wp\/v2\/categories?post=12284"},{"taxonomy":"post_tag","embeddable":true,"href":"https:\/\/www.sudoestehoje.com.br\/novoportal\/wp-json\/wp\/v2\/tags?post=12284"}],"curies":[{"name":"wp","href":"https:\/\/api.w.org\/{rel}","templated":true}]}}