
{"id":122830,"date":"2025-07-28T09:05:30","date_gmt":"2025-07-28T12:05:30","guid":{"rendered":"https:\/\/www.sudoestehoje.com.br\/novoportal\/?p=122830"},"modified":"2025-07-28T09:05:30","modified_gmt":"2025-07-28T12:05:30","slug":"acidente-com-onibus-do-cantor-neto-brito-deixa-tres-mortos-na-bahia","status":"publish","type":"post","link":"https:\/\/www.sudoestehoje.com.br\/novoportal\/2025\/07\/28\/acidente-com-onibus-do-cantor-neto-brito-deixa-tres-mortos-na-bahia\/","title":{"rendered":"ACIDENTE COM \u00d4NIBUS DO CANTOR NETO BRITO DEIXA TR\u00caS MORTOS NA BAHIA"},"content":{"rendered":"<p><img loading=\"lazy\" decoding=\"async\" class=\"alignnone size-full wp-image-122832\" src=\"https:\/\/www.sudoestehoje.com.br\/novoportal\/wp-content\/uploads\/2025\/07\/Imagem-do-WhatsApp-de-2025-07-28-as-08.55.04_cc0b0f2a.jpg\" alt=\"\" width=\"1078\" height=\"712\" \/><\/p>\n<p>Um grave acidente foi registrado na noite deste domingo (27) na BA-046, no per\u00edmetro urbano de Santo Ant\u00f4nio de Jesus. A colis\u00e3o envolveu o \u00f4nibus da banda do cantor Neto Brito e um carro de passeio, resultando em tr\u00eas pessoas mortas,\u00a0al\u00e9m de feridos.<\/p>\n<p>Segundo as primeiras informa\u00e7\u00f5es, o carro teria invadido a contram\u00e3o, provocando a batida frontal com o \u00f4nibus, que seguia em dire\u00e7\u00e3o a Salinas da Margarida, onde o artista se apresentaria na festa de 63 anos de emancipa\u00e7\u00e3o pol\u00edtica do munic\u00edpio.<\/p>\n<p>Imagens fortes que circulam nas redes sociais mostram o carro completamente destru\u00eddo, a frente do \u00f4nibus bastante danificada, al\u00e9m de uma mulher presa nas ferragens e um homem, supostamente motorista do ve\u00edculo de passeio, arremessado para fora e j\u00e1 sem sinais vitais. Equipes de socorro foram acionadas ao local para prestar atendimento \u00e0s v\u00edtimas.<\/p>\n<p>De acordo com informa\u00e7\u00f5es do Blog do Valente,\u00a0 tr\u00eas pessoas morreram no acidente. As v\u00edtimas foram identificadas como Robson Carvalho Galv\u00e3o de Jesus, de 33 anos, mototaxista em Santo Ant\u00f4nio de Jesus, e Leila dos Santos Lima, que estava com ele no carro de passeio. Ambos morreram na hora. O t\u00e9cnico de som da banda, identificado como Carlos, conhecido como Bojo, foi encaminhado ao HRSAJ, mas n\u00e3o resistiu.<\/p>\n","protected":false},"excerpt":{"rendered":"<p>Um grave acidente foi registrado na noite deste domingo (27) na BA-046, no per\u00edmetro urbano de Santo Ant\u00f4nio de Jesus. A colis\u00e3o envolveu o \u00f4nibus da banda do cantor Neto Brito e um carro de passeio, resultando em tr\u00eas pessoas mortas,\u00a0al\u00e9m de feridos. Segundo as primeiras informa\u00e7\u00f5es, o carro teria invadido a contram\u00e3o, provocando a [&hellip;]<\/p>\n","protected":false},"author":2,"featured_media":122832,"comment_status":"closed","ping_status":"open","sticky":false,"template":"","format":"standard","meta":{"footnotes":"","_links_to":"","_links_to_target":""},"categories":[1],"tags":[],"class_list":["post-122830","post","type-post","status-publish","format-standard","has-post-thumbnail","hentry","category-geral"],"views":818,"_links":{"self":[{"href":"https:\/\/www.sudoestehoje.com.br\/novoportal\/wp-json\/wp\/v2\/posts\/122830","targetHints":{"allow":["GET"]}}],"collection":[{"href":"https:\/\/www.sudoestehoje.com.br\/novoportal\/wp-json\/wp\/v2\/posts"}],"about":[{"href":"https:\/\/www.sudoestehoje.com.br\/novoportal\/wp-json\/wp\/v2\/types\/post"}],"author":[{"embeddable":true,"href":"https:\/\/www.sudoestehoje.com.br\/novoportal\/wp-json\/wp\/v2\/users\/2"}],"replies":[{"embeddable":true,"href":"https:\/\/www.sudoestehoje.com.br\/novoportal\/wp-json\/wp\/v2\/comments?post=122830"}],"version-history":[{"count":2,"href":"https:\/\/www.sudoestehoje.com.br\/novoportal\/wp-json\/wp\/v2\/posts\/122830\/revisions"}],"predecessor-version":[{"id":122834,"href":"https:\/\/www.sudoestehoje.com.br\/novoportal\/wp-json\/wp\/v2\/posts\/122830\/revisions\/122834"}],"wp:featuredmedia":[{"embeddable":true,"href":"https:\/\/www.sudoestehoje.com.br\/novoportal\/wp-json\/wp\/v2\/media\/122832"}],"wp:attachment":[{"href":"https:\/\/www.sudoestehoje.com.br\/novoportal\/wp-json\/wp\/v2\/media?parent=122830"}],"wp:term":[{"taxonomy":"category","embeddable":true,"href":"https:\/\/www.sudoestehoje.com.br\/novoportal\/wp-json\/wp\/v2\/categories?post=122830"},{"taxonomy":"post_tag","embeddable":true,"href":"https:\/\/www.sudoestehoje.com.br\/novoportal\/wp-json\/wp\/v2\/tags?post=122830"}],"curies":[{"name":"wp","href":"https:\/\/api.w.org\/{rel}","templated":true}]}}