
{"id":12279,"date":"2012-01-20T13:18:04","date_gmt":"2012-01-20T16:18:04","guid":{"rendered":"http:\/\/www.sudoestehoje.com.br\/novoportal\/?p=12279"},"modified":"2012-01-20T13:18:04","modified_gmt":"2012-01-20T16:18:04","slug":"acordo-garante-aos-demitidos-da-azaleia-o-recebimento-de-cesta-basica-e-um-par-de-tenis","status":"publish","type":"post","link":"https:\/\/www.sudoestehoje.com.br\/novoportal\/2012\/01\/20\/acordo-garante-aos-demitidos-da-azaleia-o-recebimento-de-cesta-basica-e-um-par-de-tenis\/","title":{"rendered":"ACORDO GARANTE AOS DEMITIDOS DA AZALEIA O RECEBIMENTO DE CESTA B\u00c1SICA E UM PAR DE T\u00caNIS"},"content":{"rendered":"<p style=\"text-align: center;\"><img decoding=\"async\" class=\"aligncenter\" src=\"http:\/\/www.polyelle.com.br\/wp-content\/uploads\/2010\/08\/T%C3%AAnis-Olimpikus-Ref-Jet-XTRA.jpg\" alt=\"\" width=\"400\" \/><\/p>\n<p style=\"text-align: center;\"><em><strong>Fora os direitos trabalhistas, s\u00f3 um par de t\u00eanis e cestas b\u00e1sicas<\/strong><\/em><\/p>\n<p>ITAPETINGA: Um acordo foi firmado, nesta quinta-feira (19), entre a Vulcabras\/ Azaleia e o sindicato dos trabalhadores, na sede do Minist\u00e9rio P\u00fablico do Trabalho (MPT), que garantir\u00e1 aos trabalhadores demitidos das seis unidades fechadas no \u00faltimo dia 16 dezembro, o recebimento de todos os direitos trabalhistas, tr\u00eas meses de sal\u00e1rio, tr\u00eas cestas b\u00e1sicas e um par de t\u00eanis. Os empregados demitidos de outras unidades e os que foram desligados da empresa de novembro de 2010 para c\u00e1 n\u00e3o foram contemplados neste acordo. O MPT pretende seguir adiante com a a\u00e7\u00e3o para anular as mais de 1,8 mil demiss\u00f5es em Itapetinga e regi\u00e3o nos \u00faltimos meses. Em dezembro, o \u00f3rg\u00e3o havia conseguido uma liminar na Justi\u00e7a do Trabalho, atrav\u00e9s de uma A\u00e7\u00e3o Civil P\u00fablica, a antecipa\u00e7\u00e3o de tutela para suspender as demiss\u00f5es imediatamente e anular as que j\u00e1 haviam sido anunciadas, bem como todos os seus efeitos. Por\u00e9m, a empresa conseguiu suspender a liminar no plant\u00e3o judici\u00e1rio e manteve as demiss\u00f5es. BN<\/p>\n","protected":false},"excerpt":{"rendered":"<p>Fora os direitos trabalhistas, s\u00f3 um par de t\u00eanis e cestas b\u00e1sicas ITAPETINGA: Um acordo foi firmado, nesta quinta-feira (19), entre a Vulcabras\/ Azaleia e o sindicato dos trabalhadores, na sede do Minist\u00e9rio P\u00fablico do Trabalho (MPT), que garantir\u00e1 aos trabalhadores demitidos das seis unidades fechadas no \u00faltimo dia 16 dezembro, o recebimento de todos [&hellip;]<\/p>\n","protected":false},"author":2,"featured_media":0,"comment_status":"open","ping_status":"open","sticky":false,"template":"","format":"standard","meta":{"footnotes":"","_links_to":"","_links_to_target":""},"categories":[1],"tags":[],"class_list":["post-12279","post","type-post","status-publish","format-standard","hentry","category-geral"],"views":1410,"_links":{"self":[{"href":"https:\/\/www.sudoestehoje.com.br\/novoportal\/wp-json\/wp\/v2\/posts\/12279","targetHints":{"allow":["GET"]}}],"collection":[{"href":"https:\/\/www.sudoestehoje.com.br\/novoportal\/wp-json\/wp\/v2\/posts"}],"about":[{"href":"https:\/\/www.sudoestehoje.com.br\/novoportal\/wp-json\/wp\/v2\/types\/post"}],"author":[{"embeddable":true,"href":"https:\/\/www.sudoestehoje.com.br\/novoportal\/wp-json\/wp\/v2\/users\/2"}],"replies":[{"embeddable":true,"href":"https:\/\/www.sudoestehoje.com.br\/novoportal\/wp-json\/wp\/v2\/comments?post=12279"}],"version-history":[{"count":4,"href":"https:\/\/www.sudoestehoje.com.br\/novoportal\/wp-json\/wp\/v2\/posts\/12279\/revisions"}],"predecessor-version":[{"id":12283,"href":"https:\/\/www.sudoestehoje.com.br\/novoportal\/wp-json\/wp\/v2\/posts\/12279\/revisions\/12283"}],"wp:attachment":[{"href":"https:\/\/www.sudoestehoje.com.br\/novoportal\/wp-json\/wp\/v2\/media?parent=12279"}],"wp:term":[{"taxonomy":"category","embeddable":true,"href":"https:\/\/www.sudoestehoje.com.br\/novoportal\/wp-json\/wp\/v2\/categories?post=12279"},{"taxonomy":"post_tag","embeddable":true,"href":"https:\/\/www.sudoestehoje.com.br\/novoportal\/wp-json\/wp\/v2\/tags?post=12279"}],"curies":[{"name":"wp","href":"https:\/\/api.w.org\/{rel}","templated":true}]}}