
{"id":122712,"date":"2025-07-21T10:40:30","date_gmt":"2025-07-21T13:40:30","guid":{"rendered":"https:\/\/www.sudoestehoje.com.br\/novoportal\/?p=122712"},"modified":"2025-07-21T10:49:38","modified_gmt":"2025-07-21T13:49:38","slug":"cantor-amado-batista-tera-que-devolver-cache-de-r-462-mil-por-nao-comparecer-a-show-em-itaju-do-colonia","status":"publish","type":"post","link":"https:\/\/www.sudoestehoje.com.br\/novoportal\/2025\/07\/21\/cantor-amado-batista-tera-que-devolver-cache-de-r-462-mil-por-nao-comparecer-a-show-em-itaju-do-colonia\/","title":{"rendered":"CANTOR AMADO BATISTA TER\u00c1 QUE DEVOLVER CACH\u00ca DE R$ 462 MIL POR N\u00c3O COMPARECER A SHOW EM ITAJU DO COL\u00d4NIA"},"content":{"rendered":"<p><img loading=\"lazy\" decoding=\"async\" class=\"alignnone size-full wp-image-122716\" src=\"https:\/\/www.sudoestehoje.com.br\/novoportal\/wp-content\/uploads\/2025\/07\/amado_batista_OqMbC84-1.jpg\" alt=\"\" width=\"1640\" height=\"924\" \/><\/p>\n<p>O cantor Amado Batista, que estava escalado para se apresentar no festival Fitaju, em Itaju do Col\u00f4nia, no sul da Bahia, mas n\u00e3o compareceu ao evento, pediu uma nova chance para se apresentar na cidade.<\/p>\n<p>De acordo com a equipe do veterano, o show, previsto para o dia 18 de julho, n\u00e3o foi realizado por dificuldades para pousar em Ilh\u00e9us devido \u00e0s condi\u00e7\u00f5es clim\u00e1ticas. Amado Batista recebeu R$ 462 mil para a apresenta\u00e7\u00e3o no munic\u00edpio baiano.<\/p>\n<p>\u201cOntem n\u00e3o conseguimos pousar em Ilh\u00e9us devido ao mau tempo. Tentamos ent\u00e3o Salvador, na esperan\u00e7a de uma melhora nas condi\u00e7\u00f5es clim\u00e1ticas. Quando abriu em Vit\u00f3ria da Conquista, seguimos para l\u00e1, mas o aeroporto acabou sendo fechado. Ficamos cerca de uma hora circulando na regi\u00e3o, mas n\u00e3o foi poss\u00edvel pousar e tivemos que retornar para Salvador. Infelizmente, n\u00e3o conseguimos chegar a tempo para realizar o show\u201d, disse.<\/p>\n<p>Ao portal LeoDias, a assessoria de Itaju do Col\u00f4nia afirmou que n\u00e3o v\u00ea mais sentido no reagendamento do show, e citou que diversas pessoas estavam no local para o show que n\u00e3o aconteceu, na sexta. Para o munic\u00edpio, uma nova apresenta\u00e7\u00e3o no meio da semana n\u00e3o surtiria o mesmo efeito.<\/p>\n<p>Caso o show n\u00e3o volte a acontecer, o artista ter\u00e1 que fazer o ressarcimento do valor.<\/p>\n","protected":false},"excerpt":{"rendered":"<p>O cantor Amado Batista, que estava escalado para se apresentar no festival Fitaju, em Itaju do Col\u00f4nia, no sul da Bahia, mas n\u00e3o compareceu ao evento, pediu uma nova chance para se apresentar na cidade. De acordo com a equipe do veterano, o show, previsto para o dia 18 de julho, n\u00e3o foi realizado por [&hellip;]<\/p>\n","protected":false},"author":2,"featured_media":122716,"comment_status":"closed","ping_status":"open","sticky":false,"template":"","format":"standard","meta":{"footnotes":"","_links_to":"","_links_to_target":""},"categories":[1],"tags":[],"class_list":["post-122712","post","type-post","status-publish","format-standard","has-post-thumbnail","hentry","category-geral"],"views":872,"_links":{"self":[{"href":"https:\/\/www.sudoestehoje.com.br\/novoportal\/wp-json\/wp\/v2\/posts\/122712","targetHints":{"allow":["GET"]}}],"collection":[{"href":"https:\/\/www.sudoestehoje.com.br\/novoportal\/wp-json\/wp\/v2\/posts"}],"about":[{"href":"https:\/\/www.sudoestehoje.com.br\/novoportal\/wp-json\/wp\/v2\/types\/post"}],"author":[{"embeddable":true,"href":"https:\/\/www.sudoestehoje.com.br\/novoportal\/wp-json\/wp\/v2\/users\/2"}],"replies":[{"embeddable":true,"href":"https:\/\/www.sudoestehoje.com.br\/novoportal\/wp-json\/wp\/v2\/comments?post=122712"}],"version-history":[{"count":3,"href":"https:\/\/www.sudoestehoje.com.br\/novoportal\/wp-json\/wp\/v2\/posts\/122712\/revisions"}],"predecessor-version":[{"id":122717,"href":"https:\/\/www.sudoestehoje.com.br\/novoportal\/wp-json\/wp\/v2\/posts\/122712\/revisions\/122717"}],"wp:featuredmedia":[{"embeddable":true,"href":"https:\/\/www.sudoestehoje.com.br\/novoportal\/wp-json\/wp\/v2\/media\/122716"}],"wp:attachment":[{"href":"https:\/\/www.sudoestehoje.com.br\/novoportal\/wp-json\/wp\/v2\/media?parent=122712"}],"wp:term":[{"taxonomy":"category","embeddable":true,"href":"https:\/\/www.sudoestehoje.com.br\/novoportal\/wp-json\/wp\/v2\/categories?post=122712"},{"taxonomy":"post_tag","embeddable":true,"href":"https:\/\/www.sudoestehoje.com.br\/novoportal\/wp-json\/wp\/v2\/tags?post=122712"}],"curies":[{"name":"wp","href":"https:\/\/api.w.org\/{rel}","templated":true}]}}