
{"id":122662,"date":"2025-07-17T09:45:08","date_gmt":"2025-07-17T12:45:08","guid":{"rendered":"https:\/\/www.sudoestehoje.com.br\/novoportal\/?p=122662"},"modified":"2025-07-17T09:56:01","modified_gmt":"2025-07-17T12:56:01","slug":"incendio-atinge-predios-historicos-no-comercio-de-salvador-na-noite-desta-quarta","status":"publish","type":"post","link":"https:\/\/www.sudoestehoje.com.br\/novoportal\/2025\/07\/17\/incendio-atinge-predios-historicos-no-comercio-de-salvador-na-noite-desta-quarta\/","title":{"rendered":"INC\u00caNDIO ATINGE PR\u00c9DIOS HIST\u00d3RICOS NO COM\u00c9RCIO DE SALVADOR NA NOITE DESTA QUARTA"},"content":{"rendered":"<div class=\"filtros-resultado-busca\"><img loading=\"lazy\" decoding=\"async\" class=\"alignnone size-full wp-image-122663\" src=\"https:\/\/www.sudoestehoje.com.br\/novoportal\/wp-content\/uploads\/2025\/07\/predio-pega-fogo-no-comercio.jpg\" alt=\"\" width=\"600\" height=\"420\" \/><\/div>\n<div class=\"materia-conteudo\">\n<div class=\"materia\">\n<div class=\"conteudo_post\">\n<p>Ao\u00a0menos quatro pr\u00e9dios localizados no bairro do Com\u00e9rcio, em Salvador, pegaram fogo\u00a0no fim da noite de quarta-feira, 16. O acidente aconteceu no rua Conselheiro Dantas, que foi interditada pela Transalvador (Superinted\u00eancia de Tr\u00e2nsito de Salvador), na manh\u00e3 desta quinta, 17.<\/p>\n<p>Segundo informa\u00e7\u00f5es da TV Bahia, as chamas foram registradas por volta das 23h, em um dos im\u00f3veis da localidade, e o fogo acabou se alastrando para os demais edif\u00edcios.<\/p>\n<p>Dentre os\u00a0pr\u00e9dios atingidos,\u00a0dois funcionam com salas empresariais. Um deles, o Edif\u00edcio Pernambuco, tem um restaurante no t\u00e9rreo. H\u00e1 registro de paredes desabando. Os outros dois est\u00e3o desativados. Parte de um dos pr\u00e9dios desabou.<\/p>\n<p>O Corpo de Bombeiros est\u00e1 no local para debelar o inc\u00eandio e evitar que as chamas se alastrem para outros pr\u00e9dios. At\u00e9 o momento, segundo a corpora\u00e7\u00e3o, n\u00e3o h\u00e1 informa\u00e7\u00f5es sobre feridos.<\/p>\n<p>A \u00e1rea foi isolada pela Pol\u00edcia Militar (PM) e a Transalvador bloqueou outras vias da regi\u00e3o, como a rua Portugal, que d\u00e1 acesso ao local. Equipes da Coelba foram acionadas para o caso, resultando no desligamento de parte da energia el\u00e9trica da via.<\/p>\n<p>A Defesa Civil de Salvador (Codesal) tamb\u00e9m participa da opera\u00e7\u00e3o, na tentativa de mitigar os danos causados pelo inc\u00eandio.<\/p>\n<\/div>\n<\/div>\n<\/div>\n","protected":false},"excerpt":{"rendered":"<p>Ao\u00a0menos quatro pr\u00e9dios localizados no bairro do Com\u00e9rcio, em Salvador, pegaram fogo\u00a0no fim da noite de quarta-feira, 16. O acidente aconteceu no rua Conselheiro Dantas, que foi interditada pela Transalvador (Superinted\u00eancia de Tr\u00e2nsito de Salvador), na manh\u00e3 desta quinta, 17. Segundo informa\u00e7\u00f5es da TV Bahia, as chamas foram registradas por volta das 23h, em um [&hellip;]<\/p>\n","protected":false},"author":2,"featured_media":122663,"comment_status":"closed","ping_status":"open","sticky":false,"template":"","format":"standard","meta":{"footnotes":"","_links_to":"","_links_to_target":""},"categories":[1],"tags":[],"class_list":["post-122662","post","type-post","status-publish","format-standard","has-post-thumbnail","hentry","category-geral"],"views":1184,"_links":{"self":[{"href":"https:\/\/www.sudoestehoje.com.br\/novoportal\/wp-json\/wp\/v2\/posts\/122662","targetHints":{"allow":["GET"]}}],"collection":[{"href":"https:\/\/www.sudoestehoje.com.br\/novoportal\/wp-json\/wp\/v2\/posts"}],"about":[{"href":"https:\/\/www.sudoestehoje.com.br\/novoportal\/wp-json\/wp\/v2\/types\/post"}],"author":[{"embeddable":true,"href":"https:\/\/www.sudoestehoje.com.br\/novoportal\/wp-json\/wp\/v2\/users\/2"}],"replies":[{"embeddable":true,"href":"https:\/\/www.sudoestehoje.com.br\/novoportal\/wp-json\/wp\/v2\/comments?post=122662"}],"version-history":[{"count":2,"href":"https:\/\/www.sudoestehoje.com.br\/novoportal\/wp-json\/wp\/v2\/posts\/122662\/revisions"}],"predecessor-version":[{"id":122665,"href":"https:\/\/www.sudoestehoje.com.br\/novoportal\/wp-json\/wp\/v2\/posts\/122662\/revisions\/122665"}],"wp:featuredmedia":[{"embeddable":true,"href":"https:\/\/www.sudoestehoje.com.br\/novoportal\/wp-json\/wp\/v2\/media\/122663"}],"wp:attachment":[{"href":"https:\/\/www.sudoestehoje.com.br\/novoportal\/wp-json\/wp\/v2\/media?parent=122662"}],"wp:term":[{"taxonomy":"category","embeddable":true,"href":"https:\/\/www.sudoestehoje.com.br\/novoportal\/wp-json\/wp\/v2\/categories?post=122662"},{"taxonomy":"post_tag","embeddable":true,"href":"https:\/\/www.sudoestehoje.com.br\/novoportal\/wp-json\/wp\/v2\/tags?post=122662"}],"curies":[{"name":"wp","href":"https:\/\/api.w.org\/{rel}","templated":true}]}}