
{"id":12266,"date":"2012-01-20T09:37:03","date_gmt":"2012-01-20T12:37:03","guid":{"rendered":"http:\/\/www.sudoestehoje.com.br\/novoportal\/?p=12266"},"modified":"2012-01-20T10:02:34","modified_gmt":"2012-01-20T13:02:34","slug":"samu-192-atrasa-salarios-e-mantem-servidores-sob-pressao","status":"publish","type":"post","link":"https:\/\/www.sudoestehoje.com.br\/novoportal\/2012\/01\/20\/samu-192-atrasa-salarios-e-mantem-servidores-sob-pressao\/","title":{"rendered":"SAMU 192 ATRASA SAL\u00c1RIOS E MANT\u00c9M SERVIDORES SOB PRESS\u00c3O"},"content":{"rendered":"<p style=\"text-align: center;\"><img decoding=\"async\" class=\"aligncenter\" src=\"http:\/\/farm7.staticflickr.com\/6228\/6350064401_49692d3379_z.jpg\" alt=\"\" width=\"400\" \/><\/p>\n<p style=\"text-align: center;\"><em><strong>Servidores do SAMU 192 sem os sal\u00e1rios de novembro, dezembro e 13\u00ba<\/strong><\/em><\/p>\n<p>ITAPETINGA: Depois de quase dois anos de enrola\u00e7\u00e3o, o SAMU 192 foi finalmente inaugurado em novembro de 2011. De l\u00e1 para c\u00e1, fa\u00e7a-se justi\u00e7a, vem prestando bons servi\u00e7os \u00e0 popula\u00e7\u00e3o de Itapetinga, apesar de alguns trope\u00e7os, solenemente criticados por este site.<\/p>\n<p>Por ser um servi\u00e7o de extrema import\u00e2ncia para a comunidade, a administra\u00e7\u00e3o municipal vem tentando tirar proveito pol\u00edtico em cima da atua\u00e7\u00e3o do SAMU 192, at\u00e9 porque n\u00e3o h\u00e1 nenhum outro servi\u00e7o relacionado \u00e0 sa\u00fade p\u00fablica no munic\u00edpio, que tenha alcan\u00e7ado qualquer resultado positivo.<\/p>\n<p>Mesmo assim, a inefic\u00e1cia do atual gestor e sua equipe vem fazendo de tudo para inviabilizar o SAMU 192, deixando de pagar os sal\u00e1rios dos servidores, que nada receberam desde a sua inaugura\u00e7\u00e3o. Segundo a nossa reportagem pode apurar, o SAMU de Itapetinga j\u00e1 acumula tr\u00eas meses de atraso nos sal\u00e1rios (novembro, dezembro e 13\u00ba) dos seus funcion\u00e1rios, que estariam trabalhando sob press\u00e3o e at\u00e9 amea\u00e7as de serem desligados do emprego, caso paralisem as suas atividades.<\/p>\n<p>Vale lembrar que os servidores do SAMU 192 foram admitidos atrav\u00e9s de concurso, mas que ainda se encontram no per\u00edodo do est\u00e1gio probat\u00f3rio.<\/p>\n<p><em><strong>Por DAVI FERRAZ<\/strong><\/em><\/p>\n","protected":false},"excerpt":{"rendered":"<p>Servidores do SAMU 192 sem os sal\u00e1rios de novembro, dezembro e 13\u00ba ITAPETINGA: Depois de quase dois anos de enrola\u00e7\u00e3o, o SAMU 192 foi finalmente inaugurado em novembro de 2011. De l\u00e1 para c\u00e1, fa\u00e7a-se justi\u00e7a, vem prestando bons servi\u00e7os \u00e0 popula\u00e7\u00e3o de Itapetinga, apesar de alguns trope\u00e7os, solenemente criticados por este site. Por ser [&hellip;]<\/p>\n","protected":false},"author":2,"featured_media":0,"comment_status":"open","ping_status":"open","sticky":false,"template":"","format":"standard","meta":{"footnotes":"","_links_to":"","_links_to_target":""},"categories":[1],"tags":[],"class_list":["post-12266","post","type-post","status-publish","format-standard","hentry","category-geral"],"views":1622,"_links":{"self":[{"href":"https:\/\/www.sudoestehoje.com.br\/novoportal\/wp-json\/wp\/v2\/posts\/12266","targetHints":{"allow":["GET"]}}],"collection":[{"href":"https:\/\/www.sudoestehoje.com.br\/novoportal\/wp-json\/wp\/v2\/posts"}],"about":[{"href":"https:\/\/www.sudoestehoje.com.br\/novoportal\/wp-json\/wp\/v2\/types\/post"}],"author":[{"embeddable":true,"href":"https:\/\/www.sudoestehoje.com.br\/novoportal\/wp-json\/wp\/v2\/users\/2"}],"replies":[{"embeddable":true,"href":"https:\/\/www.sudoestehoje.com.br\/novoportal\/wp-json\/wp\/v2\/comments?post=12266"}],"version-history":[{"count":5,"href":"https:\/\/www.sudoestehoje.com.br\/novoportal\/wp-json\/wp\/v2\/posts\/12266\/revisions"}],"predecessor-version":[{"id":12270,"href":"https:\/\/www.sudoestehoje.com.br\/novoportal\/wp-json\/wp\/v2\/posts\/12266\/revisions\/12270"}],"wp:attachment":[{"href":"https:\/\/www.sudoestehoje.com.br\/novoportal\/wp-json\/wp\/v2\/media?parent=12266"}],"wp:term":[{"taxonomy":"category","embeddable":true,"href":"https:\/\/www.sudoestehoje.com.br\/novoportal\/wp-json\/wp\/v2\/categories?post=12266"},{"taxonomy":"post_tag","embeddable":true,"href":"https:\/\/www.sudoestehoje.com.br\/novoportal\/wp-json\/wp\/v2\/tags?post=12266"}],"curies":[{"name":"wp","href":"https:\/\/api.w.org\/{rel}","templated":true}]}}