
{"id":122634,"date":"2025-07-15T10:22:57","date_gmt":"2025-07-15T13:22:57","guid":{"rendered":"https:\/\/www.sudoestehoje.com.br\/novoportal\/?p=122634"},"modified":"2025-07-15T10:46:09","modified_gmt":"2025-07-15T13:46:09","slug":"policlinica-terraplanagem-e-iniciada-no-local-da-obra-em-itapetinga","status":"publish","type":"post","link":"https:\/\/www.sudoestehoje.com.br\/novoportal\/2025\/07\/15\/policlinica-terraplanagem-e-iniciada-no-local-da-obra-em-itapetinga\/","title":{"rendered":"POLICL\u00cdNICA | TERRAPLANAGEM \u00c9 INICIADA NO LOCAL DA OBRA EM ITAPETINGA"},"content":{"rendered":"<p><img loading=\"lazy\" decoding=\"async\" class=\"alignnone size-full wp-image-122639\" src=\"https:\/\/www.sudoestehoje.com.br\/novoportal\/wp-content\/uploads\/2025\/07\/Imagem-do-WhatsApp-de-2025-07-15-as-09.57.31_d146b959.jpg\" alt=\"\" width=\"1259\" height=\"668\" \/><\/p>\n<p>Na manh\u00e3 desta ter\u00e7a-feira (15), a reportagem do Sudoeste Hoje visitou o local onde ser\u00e1 constru\u00edda a Policl\u00ednica Regional de Itapetinga e constatou que os servi\u00e7os de terraplanagem j\u00e1 foram iniciados, para adequar o terreno \u00e1 obra, ao lado do Loteamento Turmalina, \u00e0s margens da BA-263, sentido Vit\u00f3ria da Conquista.<\/p>\n<p>A Policl\u00ednica Regional de Itapetinga \u00e9 mais uma conquista do munic\u00edpio, atrav\u00e9s do prefeito Eduardo Hagge (MDB), que viabilizou a aquisi\u00e7\u00e3o de nova \u00e1rea para a sua constru\u00e7\u00e3o, depois do in\u00edcio da obra em terreno alagadi\u00e7o nas proximidades do Rio Catol\u00e9, por equ\u00edvoco da empreiteira encarregada, o que determinou o seu embargo da obra por parte da prefeitura, no final de 2024, ap\u00f3s den\u00fancia do Sudoeste Hoje.<\/p>\n<p>A Policl\u00ednica Regional de Itapetinga far\u00e1 parte do novo complexo de sa\u00fade do munic\u00edpio, juntamente com o Hospital Regional que dever\u00e1 ser constru\u00eddo e implantado pelo Governo do Estado, no mesmo local.<\/p>\n<p>O prefeito Eduardo Hagge e sua equipe t\u00e9cnica dever\u00e3o visitar o canteiro da obra nos pr\u00f3ximos dias.<\/p>\n<p>Por Davi Ferraz<\/p>\n","protected":false},"excerpt":{"rendered":"<p>Na manh\u00e3 desta ter\u00e7a-feira (15), a reportagem do Sudoeste Hoje visitou o local onde ser\u00e1 constru\u00edda a Policl\u00ednica Regional de Itapetinga e constatou que os servi\u00e7os de terraplanagem j\u00e1 foram iniciados, para adequar o terreno \u00e1 obra, ao lado do Loteamento Turmalina, \u00e0s margens da BA-263, sentido Vit\u00f3ria da Conquista. A Policl\u00ednica Regional de Itapetinga [&hellip;]<\/p>\n","protected":false},"author":2,"featured_media":122639,"comment_status":"closed","ping_status":"open","sticky":false,"template":"","format":"standard","meta":{"footnotes":"","_links_to":"","_links_to_target":""},"categories":[1],"tags":[],"class_list":["post-122634","post","type-post","status-publish","format-standard","has-post-thumbnail","hentry","category-geral"],"views":1415,"_links":{"self":[{"href":"https:\/\/www.sudoestehoje.com.br\/novoportal\/wp-json\/wp\/v2\/posts\/122634","targetHints":{"allow":["GET"]}}],"collection":[{"href":"https:\/\/www.sudoestehoje.com.br\/novoportal\/wp-json\/wp\/v2\/posts"}],"about":[{"href":"https:\/\/www.sudoestehoje.com.br\/novoportal\/wp-json\/wp\/v2\/types\/post"}],"author":[{"embeddable":true,"href":"https:\/\/www.sudoestehoje.com.br\/novoportal\/wp-json\/wp\/v2\/users\/2"}],"replies":[{"embeddable":true,"href":"https:\/\/www.sudoestehoje.com.br\/novoportal\/wp-json\/wp\/v2\/comments?post=122634"}],"version-history":[{"count":7,"href":"https:\/\/www.sudoestehoje.com.br\/novoportal\/wp-json\/wp\/v2\/posts\/122634\/revisions"}],"predecessor-version":[{"id":122642,"href":"https:\/\/www.sudoestehoje.com.br\/novoportal\/wp-json\/wp\/v2\/posts\/122634\/revisions\/122642"}],"wp:featuredmedia":[{"embeddable":true,"href":"https:\/\/www.sudoestehoje.com.br\/novoportal\/wp-json\/wp\/v2\/media\/122639"}],"wp:attachment":[{"href":"https:\/\/www.sudoestehoje.com.br\/novoportal\/wp-json\/wp\/v2\/media?parent=122634"}],"wp:term":[{"taxonomy":"category","embeddable":true,"href":"https:\/\/www.sudoestehoje.com.br\/novoportal\/wp-json\/wp\/v2\/categories?post=122634"},{"taxonomy":"post_tag","embeddable":true,"href":"https:\/\/www.sudoestehoje.com.br\/novoportal\/wp-json\/wp\/v2\/tags?post=122634"}],"curies":[{"name":"wp","href":"https:\/\/api.w.org\/{rel}","templated":true}]}}