
{"id":122629,"date":"2025-07-14T17:54:34","date_gmt":"2025-07-14T20:54:34","guid":{"rendered":"https:\/\/www.sudoestehoje.com.br\/novoportal\/?p=122629"},"modified":"2025-07-14T17:54:34","modified_gmt":"2025-07-14T20:54:34","slug":"conquista-gabriela-garrido-vai-assumir-mandato-de-vereadora-natan-da-carroceria-foi-cassado","status":"publish","type":"post","link":"https:\/\/www.sudoestehoje.com.br\/novoportal\/2025\/07\/14\/conquista-gabriela-garrido-vai-assumir-mandato-de-vereadora-natan-da-carroceria-foi-cassado\/","title":{"rendered":"CONQUISTA | GABRIELA GARRIDO VAI ASSUMIR MANDATO DE VEREADORA; NATAN DA CARROCERIA FOI CASSADO"},"content":{"rendered":"<p><img loading=\"lazy\" decoding=\"async\" class=\"alignnone size-full wp-image-122632\" src=\"https:\/\/www.sudoestehoje.com.br\/novoportal\/wp-content\/uploads\/2025\/07\/f2mGxAf.jpeg\" alt=\"\" width=\"625\" height=\"387\" \/><\/p>\n<p>Uma reviravolta pol\u00edtica marcou a manh\u00e3 desta segunda-feira (14) em Vit\u00f3ria da Conquista. O Tribunal Regional Eleitoral da Bahia (TRE-BA) decidiu anular todos os votos do partido Avante nas elei\u00e7\u00f5es municipais de 2024, ap\u00f3s reconhecer fraude \u00e0 cota de g\u00eanero \u2014 regra que garante a participa\u00e7\u00e3o m\u00ednima de mulheres nas chapas proporcionais.<\/p>\n<p>A decis\u00e3o foi baseada em ind\u00edcios de candidatura fict\u00edcia dentro do partido. O caso mais evidente envolveu a candidata Gilvaneide, que teve apenas um voto (nem mesmo o pr\u00f3prio), n\u00e3o fez campanha nas ruas ou nas redes sociais, e ainda \u00e9 prima de outro candidato da mesma legenda. Para refor\u00e7ar a irregularidade, a pr\u00f3pria comiss\u00e3o provis\u00f3ria do Avante emitiu uma nota afirmando que desconhecia qualquer atividade de campanha da suposta candidata.<\/p>\n<p>Com isso, o vereador Natan da Carroceria, eleito pelo Avante, perdeu o mandato. Quem assume a vaga na C\u00e2mara Municipal \u00e9 a delegada Gabriela Garrido, que concorreu pela Federa\u00e7\u00e3o F\u00e9 Brasil (PT, PV e PCdoB) e \u00e9 filiada ao Partido Verde.<\/p>\n<p>A a\u00e7\u00e3o que levou \u00e0 cassa\u00e7\u00e3o foi protocolada em outubro de 2024 e teve como advogado o Dr. Victtor Matos, respons\u00e1vel por apresentar a sustenta\u00e7\u00e3o oral no TRE-BA em defesa de Gabriela.<\/p>\n<p>Conhecida por sua atua\u00e7\u00e3o firme em defesa da justi\u00e7a, seguran\u00e7a p\u00fablica e dos direitos das mulheres, Gabriela Garrido j\u00e1 vinha se destacando na pol\u00edtica local. Com o apoio do deputado federal Jorge Solla, ela agora passa a integrar a C\u00e2mara como uma importante representante das causas sociais e de uma pol\u00edtica mais inclusiva.<\/p>\n<p>Sua chegada ao Legislativo \u00e9 vista por muitos como um avan\u00e7o para a representatividade feminina e para o fortalecimento de pautas progressistas no munic\u00edpio. A expectativa \u00e9 de um mandato combativo, comprometido com as demandas da popula\u00e7\u00e3o conquistense \u2014 especialmente das mulheres, que ainda enfrentam desafios para ocupar espa\u00e7os de poder. \/\/Blog do Rodrigo Ferraz<\/p>\n","protected":false},"excerpt":{"rendered":"<p>Uma reviravolta pol\u00edtica marcou a manh\u00e3 desta segunda-feira (14) em Vit\u00f3ria da Conquista. O Tribunal Regional Eleitoral da Bahia (TRE-BA) decidiu anular todos os votos do partido Avante nas elei\u00e7\u00f5es municipais de 2024, ap\u00f3s reconhecer fraude \u00e0 cota de g\u00eanero \u2014 regra que garante a participa\u00e7\u00e3o m\u00ednima de mulheres nas chapas proporcionais. A decis\u00e3o foi [&hellip;]<\/p>\n","protected":false},"author":2,"featured_media":122632,"comment_status":"closed","ping_status":"open","sticky":false,"template":"","format":"standard","meta":{"footnotes":"","_links_to":"","_links_to_target":""},"categories":[1],"tags":[],"class_list":["post-122629","post","type-post","status-publish","format-standard","has-post-thumbnail","hentry","category-geral"],"views":978,"_links":{"self":[{"href":"https:\/\/www.sudoestehoje.com.br\/novoportal\/wp-json\/wp\/v2\/posts\/122629","targetHints":{"allow":["GET"]}}],"collection":[{"href":"https:\/\/www.sudoestehoje.com.br\/novoportal\/wp-json\/wp\/v2\/posts"}],"about":[{"href":"https:\/\/www.sudoestehoje.com.br\/novoportal\/wp-json\/wp\/v2\/types\/post"}],"author":[{"embeddable":true,"href":"https:\/\/www.sudoestehoje.com.br\/novoportal\/wp-json\/wp\/v2\/users\/2"}],"replies":[{"embeddable":true,"href":"https:\/\/www.sudoestehoje.com.br\/novoportal\/wp-json\/wp\/v2\/comments?post=122629"}],"version-history":[{"count":3,"href":"https:\/\/www.sudoestehoje.com.br\/novoportal\/wp-json\/wp\/v2\/posts\/122629\/revisions"}],"predecessor-version":[{"id":122633,"href":"https:\/\/www.sudoestehoje.com.br\/novoportal\/wp-json\/wp\/v2\/posts\/122629\/revisions\/122633"}],"wp:featuredmedia":[{"embeddable":true,"href":"https:\/\/www.sudoestehoje.com.br\/novoportal\/wp-json\/wp\/v2\/media\/122632"}],"wp:attachment":[{"href":"https:\/\/www.sudoestehoje.com.br\/novoportal\/wp-json\/wp\/v2\/media?parent=122629"}],"wp:term":[{"taxonomy":"category","embeddable":true,"href":"https:\/\/www.sudoestehoje.com.br\/novoportal\/wp-json\/wp\/v2\/categories?post=122629"},{"taxonomy":"post_tag","embeddable":true,"href":"https:\/\/www.sudoestehoje.com.br\/novoportal\/wp-json\/wp\/v2\/tags?post=122629"}],"curies":[{"name":"wp","href":"https:\/\/api.w.org\/{rel}","templated":true}]}}