
{"id":122618,"date":"2025-07-14T09:11:58","date_gmt":"2025-07-14T12:11:58","guid":{"rendered":"https:\/\/www.sudoestehoje.com.br\/novoportal\/?p=122618"},"modified":"2025-07-14T09:11:58","modified_gmt":"2025-07-14T12:11:58","slug":"gasolina-tem-reducao-de-r-017-nas-refinarias-mas-caem-apenas-r-002-nos-postos","status":"publish","type":"post","link":"https:\/\/www.sudoestehoje.com.br\/novoportal\/2025\/07\/14\/gasolina-tem-reducao-de-r-017-nas-refinarias-mas-caem-apenas-r-002-nos-postos\/","title":{"rendered":"GASOLINA TEM REDU\u00c7\u00c3O DE R$ 0,17 NAS REFINARIAS, MAS CAEM APENAS R$ 0,02 NOS POSTOS"},"content":{"rendered":"<p><img loading=\"lazy\" decoding=\"async\" class=\"alignnone size-full wp-image-122620\" src=\"https:\/\/www.sudoestehoje.com.br\/novoportal\/wp-content\/uploads\/2025\/07\/WhatsApp-Image-2023-06-30-at-11.24.26.jpeg\" alt=\"\" width=\"1600\" height=\"901\" \/><\/p>\n<p>A redu\u00e7\u00e3o de R$ 0,17 no pre\u00e7o da gasolina anunciada pela Petrobras nas refinarias em junho n\u00e3o se refletiu de forma significativa no bolso do consumidor. Segundo dados da Ag\u00eancia Nacional do Petr\u00f3leo (ANP), o valor m\u00e9dio nos postos caiu apenas R$ 0,02, passando de R$ 6,25 para R$ 6,23.<\/p>\n<p>Segundo o Jornal Nacional, apesar de uma queda acumulada de 17,5% nas refinarias nos \u00faltimos dois anos, o pre\u00e7o ao consumidor final subiu 21,67% no mesmo per\u00edodo. A discrep\u00e2ncia tem como principais causas a atua\u00e7\u00e3o das distribuidoras, a mistura obrigat\u00f3ria com etanol e a carga tribut\u00e1ria vari\u00e1vel entre os estados.<\/p>\n<p>Especialistas afirmam que, ao contr\u00e1rio dos aumentos, que chegam rapidamente aos postos, as redu\u00e7\u00f5es de pre\u00e7o demoram a chegar ao consumidor.<\/p>\n<p>A situa\u00e7\u00e3o levou a Advocacia-Geral da Uni\u00e3o a solicitar apura\u00e7\u00f5es ao Conselho Administrativo de Defesa Econ\u00f4mica (Cade), \u00e0 Pol\u00edcia Federal e \u00e0 Secretaria Nacional do Consumidor (Senacon).<\/p>\n<p>O Minist\u00e9rio de Minas e Energia tamb\u00e9m abriu investiga\u00e7\u00f5es sobre a lentid\u00e3o no repasse das redu\u00e7\u00f5es.<\/p>\n","protected":false},"excerpt":{"rendered":"<p>A redu\u00e7\u00e3o de R$ 0,17 no pre\u00e7o da gasolina anunciada pela Petrobras nas refinarias em junho n\u00e3o se refletiu de forma significativa no bolso do consumidor. Segundo dados da Ag\u00eancia Nacional do Petr\u00f3leo (ANP), o valor m\u00e9dio nos postos caiu apenas R$ 0,02, passando de R$ 6,25 para R$ 6,23. Segundo o Jornal Nacional, apesar [&hellip;]<\/p>\n","protected":false},"author":2,"featured_media":122620,"comment_status":"closed","ping_status":"open","sticky":false,"template":"","format":"standard","meta":{"footnotes":"","_links_to":"","_links_to_target":""},"categories":[1],"tags":[],"class_list":["post-122618","post","type-post","status-publish","format-standard","has-post-thumbnail","hentry","category-geral"],"views":999,"_links":{"self":[{"href":"https:\/\/www.sudoestehoje.com.br\/novoportal\/wp-json\/wp\/v2\/posts\/122618","targetHints":{"allow":["GET"]}}],"collection":[{"href":"https:\/\/www.sudoestehoje.com.br\/novoportal\/wp-json\/wp\/v2\/posts"}],"about":[{"href":"https:\/\/www.sudoestehoje.com.br\/novoportal\/wp-json\/wp\/v2\/types\/post"}],"author":[{"embeddable":true,"href":"https:\/\/www.sudoestehoje.com.br\/novoportal\/wp-json\/wp\/v2\/users\/2"}],"replies":[{"embeddable":true,"href":"https:\/\/www.sudoestehoje.com.br\/novoportal\/wp-json\/wp\/v2\/comments?post=122618"}],"version-history":[{"count":2,"href":"https:\/\/www.sudoestehoje.com.br\/novoportal\/wp-json\/wp\/v2\/posts\/122618\/revisions"}],"predecessor-version":[{"id":122621,"href":"https:\/\/www.sudoestehoje.com.br\/novoportal\/wp-json\/wp\/v2\/posts\/122618\/revisions\/122621"}],"wp:featuredmedia":[{"embeddable":true,"href":"https:\/\/www.sudoestehoje.com.br\/novoportal\/wp-json\/wp\/v2\/media\/122620"}],"wp:attachment":[{"href":"https:\/\/www.sudoestehoje.com.br\/novoportal\/wp-json\/wp\/v2\/media?parent=122618"}],"wp:term":[{"taxonomy":"category","embeddable":true,"href":"https:\/\/www.sudoestehoje.com.br\/novoportal\/wp-json\/wp\/v2\/categories?post=122618"},{"taxonomy":"post_tag","embeddable":true,"href":"https:\/\/www.sudoestehoje.com.br\/novoportal\/wp-json\/wp\/v2\/tags?post=122618"}],"curies":[{"name":"wp","href":"https:\/\/api.w.org\/{rel}","templated":true}]}}