
{"id":122613,"date":"2025-07-14T09:01:53","date_gmt":"2025-07-14T12:01:53","guid":{"rendered":"https:\/\/www.sudoestehoje.com.br\/novoportal\/?p=122613"},"modified":"2025-07-14T11:25:08","modified_gmt":"2025-07-14T14:25:08","slug":"fabiano-da-dupla-com-cesar-menotti-capota-carro-proximo-a-juiz-de-fora-mg","status":"publish","type":"post","link":"https:\/\/www.sudoestehoje.com.br\/novoportal\/2025\/07\/14\/fabiano-da-dupla-com-cesar-menotti-capota-carro-proximo-a-juiz-de-fora-mg\/","title":{"rendered":"CANTOR FABIANO, DA DUPLA COM C\u00c9SAR MENOTTI, CAPOTA CARRO PR\u00d3XIMO A JUIZ DE FORA (MG)"},"content":{"rendered":"<p><img loading=\"lazy\" decoding=\"async\" class=\"alignnone size-full wp-image-122615\" src=\"https:\/\/www.sudoestehoje.com.br\/novoportal\/wp-content\/uploads\/2025\/07\/Imagens-para-Blog-do-Valente-1024x768-1-43.jpg\" alt=\"\" width=\"900\" height=\"600\" \/><\/p>\n<p>O cantor Fabiano, da dupla sertaneja C\u00e9sar Menotti &amp; Fabiano, sofreu um acidente de carro na tarde deste domingo (13), na altura do km 771 da BR-040, em Juiz de Fora, Minas Gerais. O artista seguia de Belo Horizonte para Cordeiro (RJ), onde tinha show agendado na noite deste dia.<\/p>\n<p>Segundo informa\u00e7\u00f5es do G1 e do Corpo de Bombeiros, o acidente aconteceu quando um ve\u00edculo \u00e0 frente do carro do cantor reduziu repentinamente a velocidade. Fabiano tentou desviar, entrou na contram\u00e3o e colidiu lateralmente com outro autom\u00f3vel, conduzido por um tenente da Pol\u00edcia Militar que estava de folga. Em seguida, o carro do cantor capotou.<\/p>\n<p><img loading=\"lazy\" decoding=\"async\" class=\"alignnone size-full wp-image-122616\" src=\"https:\/\/www.sudoestehoje.com.br\/novoportal\/wp-content\/uploads\/2025\/07\/Fabiano-Menotti-sofre-acidente-de-carro.jpg\" alt=\"\" width=\"1200\" height=\"900\" \/><\/p>\n<p>Quando os bombeiros chegaram ao local, as tr\u00eas pessoas envolvidas no acidente j\u00e1 estavam fora dos ve\u00edculos, conscientes e orientadas. Um dos ocupantes, o secret\u00e1rio do cantor, sofreu um corte na m\u00e3o direita e foi atendido por uma equipe da Concession\u00e1ria EPR Via Mineira. Fabiano e o motorista do outro carro n\u00e3o quiseram atendimento m\u00e9dico.<\/p>\n<p>Horas ap\u00f3s o acidente, o cantor usou as redes sociais para tranquilizar os f\u00e3s. \u201cTivemos um livramento muito grande na [BR] 040, bem pr\u00f3ximo a Juiz de Fora, mas gra\u00e7as a Deus, apesar do carro ter acabado, n\u00f3s estamos muito bem\u201d, afirmou. Ele viajava acompanhado de Heleno, seu secret\u00e1rio.<\/p>\n<p>A assessoria da dupla confirmou que Fabiano seguiria para o show agendado na cidade de Cordeiro, na Regi\u00e3o Serrana do Rio de Janeiro. \u201cFelizmente, ambos est\u00e3o bem\u201d, declarou a equipe.<\/p>\n","protected":false},"excerpt":{"rendered":"<p>O cantor Fabiano, da dupla sertaneja C\u00e9sar Menotti &amp; Fabiano, sofreu um acidente de carro na tarde deste domingo (13), na altura do km 771 da BR-040, em Juiz de Fora, Minas Gerais. O artista seguia de Belo Horizonte para Cordeiro (RJ), onde tinha show agendado na noite deste dia. Segundo informa\u00e7\u00f5es do G1 e [&hellip;]<\/p>\n","protected":false},"author":2,"featured_media":122615,"comment_status":"closed","ping_status":"open","sticky":false,"template":"","format":"standard","meta":{"footnotes":"","_links_to":"","_links_to_target":""},"categories":[1],"tags":[],"class_list":["post-122613","post","type-post","status-publish","format-standard","has-post-thumbnail","hentry","category-geral"],"views":1259,"_links":{"self":[{"href":"https:\/\/www.sudoestehoje.com.br\/novoportal\/wp-json\/wp\/v2\/posts\/122613","targetHints":{"allow":["GET"]}}],"collection":[{"href":"https:\/\/www.sudoestehoje.com.br\/novoportal\/wp-json\/wp\/v2\/posts"}],"about":[{"href":"https:\/\/www.sudoestehoje.com.br\/novoportal\/wp-json\/wp\/v2\/types\/post"}],"author":[{"embeddable":true,"href":"https:\/\/www.sudoestehoje.com.br\/novoportal\/wp-json\/wp\/v2\/users\/2"}],"replies":[{"embeddable":true,"href":"https:\/\/www.sudoestehoje.com.br\/novoportal\/wp-json\/wp\/v2\/comments?post=122613"}],"version-history":[{"count":3,"href":"https:\/\/www.sudoestehoje.com.br\/novoportal\/wp-json\/wp\/v2\/posts\/122613\/revisions"}],"predecessor-version":[{"id":122624,"href":"https:\/\/www.sudoestehoje.com.br\/novoportal\/wp-json\/wp\/v2\/posts\/122613\/revisions\/122624"}],"wp:featuredmedia":[{"embeddable":true,"href":"https:\/\/www.sudoestehoje.com.br\/novoportal\/wp-json\/wp\/v2\/media\/122615"}],"wp:attachment":[{"href":"https:\/\/www.sudoestehoje.com.br\/novoportal\/wp-json\/wp\/v2\/media?parent=122613"}],"wp:term":[{"taxonomy":"category","embeddable":true,"href":"https:\/\/www.sudoestehoje.com.br\/novoportal\/wp-json\/wp\/v2\/categories?post=122613"},{"taxonomy":"post_tag","embeddable":true,"href":"https:\/\/www.sudoestehoje.com.br\/novoportal\/wp-json\/wp\/v2\/tags?post=122613"}],"curies":[{"name":"wp","href":"https:\/\/api.w.org\/{rel}","templated":true}]}}