
{"id":122603,"date":"2025-07-11T10:59:18","date_gmt":"2025-07-11T13:59:18","guid":{"rendered":"https:\/\/www.sudoestehoje.com.br\/novoportal\/?p=122603"},"modified":"2025-07-11T10:59:18","modified_gmt":"2025-07-11T13:59:18","slug":"tj-libera-uber-moto-em-vitoria-da-conquista-prefeitura-vai-recorrer","status":"publish","type":"post","link":"https:\/\/www.sudoestehoje.com.br\/novoportal\/2025\/07\/11\/tj-libera-uber-moto-em-vitoria-da-conquista-prefeitura-vai-recorrer\/","title":{"rendered":"TJ LIBERA UBER MOTO EM VIT\u00d3RIA DA CONQUISTA; PREFEITURA VAI RECORRER"},"content":{"rendered":"<p><img loading=\"lazy\" decoding=\"async\" class=\"alignnone size-full wp-image-122606\" src=\"https:\/\/www.sudoestehoje.com.br\/novoportal\/wp-content\/uploads\/2025\/07\/Uber-Moto-e-liberada-em-Vitoria-da-Conquista-apos-tres-anos-de-disputa-judicial-840x525-1.jpg\" alt=\"\" width=\"840\" height=\"525\" \/><\/p>\n<p>O Tribunal de Justi\u00e7a da Bahia (TJ-BA) manteve a autoriza\u00e7\u00e3o para o funcionamento do servi\u00e7o Uber Moto em Vit\u00f3ria da Conquista, no sudoeste do estado. A decis\u00e3o, proferida pelo desembargador Jos\u00e9 Aras em 30 de junho, rejeitou o recurso da prefeitura, que tenta suspender o servi\u00e7o desde 2022.<\/p>\n<p>A gest\u00e3o municipal alega que o transporte por motocicletas n\u00e3o \u00e9 regulamentado na cidade e representa riscos \u00e0 seguran\u00e7a de passageiros. \u201cA motocicleta \u00e9 um meio de transporte com alto risco tanto para o piloto quanto para o passageiro, principalmente quando n\u00e3o h\u00e1 adequada fiscaliza\u00e7\u00e3o e padroniza\u00e7\u00e3o de equipamentos de seguran\u00e7a\u201d, pontuou a prefeitura no recurso.<\/p>\n<p>O relator do caso, no entanto, fundamentou sua decis\u00e3o em entendimentos do Supremo Tribunal Federal (STF). Segundo o magistrado, leis municipais que tentam proibir o servi\u00e7o s\u00e3o ilegais e n\u00e3o podem se sobrepor \u00e0 legisla\u00e7\u00e3o federal.<\/p>\n<p>A disputa judicial teve in\u00edcio em fevereiro de 2022, quando a Uber anunciou a chegada do servi\u00e7o de transporte por motocicletas em Vit\u00f3ria da Conquista e em outras 36 cidades brasileiras. Desde ent\u00e3o, a prefeitura tenta barrar a opera\u00e7\u00e3o.<\/p>\n<p>Procurada pela reportagem, a Procuradoria-Geral do Munic\u00edpio (PGM) informou que est\u00e1 analisando a decis\u00e3o do TJ-BA e que ainda h\u00e1 prazo para novos recursos.<\/p>\n","protected":false},"excerpt":{"rendered":"<p>O Tribunal de Justi\u00e7a da Bahia (TJ-BA) manteve a autoriza\u00e7\u00e3o para o funcionamento do servi\u00e7o Uber Moto em Vit\u00f3ria da Conquista, no sudoeste do estado. A decis\u00e3o, proferida pelo desembargador Jos\u00e9 Aras em 30 de junho, rejeitou o recurso da prefeitura, que tenta suspender o servi\u00e7o desde 2022. A gest\u00e3o municipal alega que o transporte [&hellip;]<\/p>\n","protected":false},"author":2,"featured_media":122606,"comment_status":"closed","ping_status":"open","sticky":false,"template":"","format":"standard","meta":{"footnotes":"","_links_to":"","_links_to_target":""},"categories":[1],"tags":[],"class_list":["post-122603","post","type-post","status-publish","format-standard","has-post-thumbnail","hentry","category-geral"],"views":1371,"_links":{"self":[{"href":"https:\/\/www.sudoestehoje.com.br\/novoportal\/wp-json\/wp\/v2\/posts\/122603","targetHints":{"allow":["GET"]}}],"collection":[{"href":"https:\/\/www.sudoestehoje.com.br\/novoportal\/wp-json\/wp\/v2\/posts"}],"about":[{"href":"https:\/\/www.sudoestehoje.com.br\/novoportal\/wp-json\/wp\/v2\/types\/post"}],"author":[{"embeddable":true,"href":"https:\/\/www.sudoestehoje.com.br\/novoportal\/wp-json\/wp\/v2\/users\/2"}],"replies":[{"embeddable":true,"href":"https:\/\/www.sudoestehoje.com.br\/novoportal\/wp-json\/wp\/v2\/comments?post=122603"}],"version-history":[{"count":3,"href":"https:\/\/www.sudoestehoje.com.br\/novoportal\/wp-json\/wp\/v2\/posts\/122603\/revisions"}],"predecessor-version":[{"id":122607,"href":"https:\/\/www.sudoestehoje.com.br\/novoportal\/wp-json\/wp\/v2\/posts\/122603\/revisions\/122607"}],"wp:featuredmedia":[{"embeddable":true,"href":"https:\/\/www.sudoestehoje.com.br\/novoportal\/wp-json\/wp\/v2\/media\/122606"}],"wp:attachment":[{"href":"https:\/\/www.sudoestehoje.com.br\/novoportal\/wp-json\/wp\/v2\/media?parent=122603"}],"wp:term":[{"taxonomy":"category","embeddable":true,"href":"https:\/\/www.sudoestehoje.com.br\/novoportal\/wp-json\/wp\/v2\/categories?post=122603"},{"taxonomy":"post_tag","embeddable":true,"href":"https:\/\/www.sudoestehoje.com.br\/novoportal\/wp-json\/wp\/v2\/tags?post=122603"}],"curies":[{"name":"wp","href":"https:\/\/api.w.org\/{rel}","templated":true}]}}