
{"id":122598,"date":"2025-07-10T21:31:37","date_gmt":"2025-07-11T00:31:37","guid":{"rendered":"https:\/\/www.sudoestehoje.com.br\/novoportal\/?p=122598"},"modified":"2025-07-10T21:34:47","modified_gmt":"2025-07-11T00:34:47","slug":"itapetinga-em-cena-encontro-cultural-resgata-memorias-e-fortalece-a-identidade-do-medio-sudoeste","status":"publish","type":"post","link":"https:\/\/www.sudoestehoje.com.br\/novoportal\/2025\/07\/10\/itapetinga-em-cena-encontro-cultural-resgata-memorias-e-fortalece-a-identidade-do-medio-sudoeste\/","title":{"rendered":"ITAPETINGA EM CENA | ENCONTRO CULTURAL RESGATA MEM\u00d3RIAS E FORTALECE A IDENTIDADE DO M\u00c9DIO SUDOESTE"},"content":{"rendered":"<p><img loading=\"lazy\" decoding=\"async\" class=\"alignnone size-full wp-image-122600\" src=\"https:\/\/www.sudoestehoje.com.br\/novoportal\/wp-content\/uploads\/2025\/07\/Imagem-do-WhatsApp-de-2025-07-10-as-19.12.04_59628061.jpg\" alt=\"\" width=\"1600\" height=\"900\" \/><\/p>\n<p>Nesta quinta-feira (10), a C\u00e2mara de Vereadores de Itapetinga se transformou em palco de um momento \u00fanico e de muita motiva\u00e7\u00e3o: um grande encontro cultural que reuniu estudantes, professores, agentes culturais e a comunidade para celebrar e refletir sobre o que nos une enquanto povo \u2014 nossa hist\u00f3ria, nossas ra\u00edzes, nossa cultura.<\/p>\n<p>Promovido pelo Departamento de Cultura de Itapetinga, com o apoio da Funda\u00e7\u00e3o Pedro Calmon, o evento foi muito mais que uma atividade institucional. Foi um convite ao resgate da mem\u00f3ria coletiva, um espa\u00e7o de escuta, troca de ideias e fortalecimento da identidade regional. E a presen\u00e7a de autoridades do munic\u00edpio, professores da UESB, IF BAIANO, coordenador do NTE-8, Pol\u00edcia Militar e secret\u00e1rios de cultura de 11 munic\u00edpios, s\u00f3 refor\u00e7ou a import\u00e2ncia da iniciativa para o munic\u00edpio.<\/p>\n<p><!--more--><\/p>\n<p>Projeto \u201cNossas Mem\u00f3rias\u201d: O M\u00e9dio Sudoeste em destaque<\/p>\n<p>O encontro faz parte do projeto \u201cNossas Mem\u00f3rias\u201d, desenvolvido pela Funda\u00e7\u00e3o Pedro Calmon, em parceria com prefeitura de Itapetinga. A proposta \u00e9 ambiciosa: catalogar o acervo cultural \u2013 tanto p\u00fablico quanto privado \u2013 dos territ\u00f3rios baianos. E, pela primeira vez, o territ\u00f3rio do M\u00e9dio Sudoeste Baiano est\u00e1 no centro das aten\u00e7\u00f5es.<\/p>\n<p>E o que isso significa na pr\u00e1tica? Significa dar voz \u00e0 hist\u00f3ria esquecida, valorizar os saberes locais, preservar o que \u00e9 nosso. Significa reconhecer que Itapetinga e os munic\u00edpios vizinhos t\u00eam muito a dizer \u2014 e a ensinar \u2014 sobre cultura, tradi\u00e7\u00e3o e pertencimento.<\/p>\n<p>Cons\u00f3rcio Cultural: uni\u00e3o que fortalece<\/p>\n<p>Logo pela manh\u00e3, o p\u00fablico participou de uma mesa tem\u00e1tica sobre pol\u00edticas territoriais de cultura, com um destaque especial: a proposta de cria\u00e7\u00e3o do Cons\u00f3rcio Intermunicipal de Cultura do M\u00e9dio Sudoeste Baiano.<\/p>\n<p>A ideia, concebida pelo Departamento de Cultura de Itapetinga, \u00e9 simples e poderosa: unir os munic\u00edpios da regi\u00e3o para que, juntos, possam promover, proteger e expandir sua heran\u00e7a cultural. Um passo estrat\u00e9gico que pode transformar o futuro da cultura local, garantindo mais investimentos, visibilidade e a\u00e7\u00f5es integradas.<\/p>\n<p>Hist\u00f3ria viva e presente<\/p>\n<p>\u00c0 tarde, duas mesas-redondas deram o tom do di\u00e1logo: uma dedicada \u00e0 hist\u00f3ria de Itapetinga e seu territ\u00f3rio, outra sobre a Independ\u00eancia da Bahia, com foco no simb\u00f3lico 2 de Julho, data fundamental para a constru\u00e7\u00e3o da identidade baiana.<\/p>\n<p>Foram momentos de aprendizado e emo\u00e7\u00e3o, que reacenderam o orgulho de ser parte dessa terra rica em hist\u00f3rias e lutas. Para muitos presentes, foi a primeira vez que ouviram a hist\u00f3ria da regi\u00e3o contada com tanta sensibilidade e profundidade.<\/p>\n<p>Mais que um evento, um movimento<\/p>\n<p>O encontro foi mais do que um evento pontual. Foi a express\u00e3o de um movimento crescente de valoriza\u00e7\u00e3o cultural, conduzido com sensibilidade pelo Departamento de Cultura de Itapetinga, coordenado pelo advogado e historiador Marco Correia.<\/p>\n<p>Ao promover a\u00e7\u00f5es como essa, o munic\u00edpio reafirma seu papel como protagonista na preserva\u00e7\u00e3o da mem\u00f3ria e da identidade regional, mostrando que cultura se faz com di\u00e1logo, afeto e compromisso com as futuras gera\u00e7\u00f5es.<\/p>\n<p>E esse \u00e9 s\u00f3 o come\u00e7o.<\/p>\n","protected":false},"excerpt":{"rendered":"<p>Nesta quinta-feira (10), a C\u00e2mara de Vereadores de Itapetinga se transformou em palco de um momento \u00fanico e de muita motiva\u00e7\u00e3o: um grande encontro cultural que reuniu estudantes, professores, agentes culturais e a comunidade para celebrar e refletir sobre o que nos une enquanto povo \u2014 nossa hist\u00f3ria, nossas ra\u00edzes, nossa cultura. Promovido pelo Departamento [&hellip;]<\/p>\n","protected":false},"author":2,"featured_media":122600,"comment_status":"closed","ping_status":"open","sticky":false,"template":"","format":"standard","meta":{"footnotes":"","_links_to":"","_links_to_target":""},"categories":[1],"tags":[],"class_list":["post-122598","post","type-post","status-publish","format-standard","has-post-thumbnail","hentry","category-geral"],"views":1222,"_links":{"self":[{"href":"https:\/\/www.sudoestehoje.com.br\/novoportal\/wp-json\/wp\/v2\/posts\/122598","targetHints":{"allow":["GET"]}}],"collection":[{"href":"https:\/\/www.sudoestehoje.com.br\/novoportal\/wp-json\/wp\/v2\/posts"}],"about":[{"href":"https:\/\/www.sudoestehoje.com.br\/novoportal\/wp-json\/wp\/v2\/types\/post"}],"author":[{"embeddable":true,"href":"https:\/\/www.sudoestehoje.com.br\/novoportal\/wp-json\/wp\/v2\/users\/2"}],"replies":[{"embeddable":true,"href":"https:\/\/www.sudoestehoje.com.br\/novoportal\/wp-json\/wp\/v2\/comments?post=122598"}],"version-history":[{"count":2,"href":"https:\/\/www.sudoestehoje.com.br\/novoportal\/wp-json\/wp\/v2\/posts\/122598\/revisions"}],"predecessor-version":[{"id":122601,"href":"https:\/\/www.sudoestehoje.com.br\/novoportal\/wp-json\/wp\/v2\/posts\/122598\/revisions\/122601"}],"wp:featuredmedia":[{"embeddable":true,"href":"https:\/\/www.sudoestehoje.com.br\/novoportal\/wp-json\/wp\/v2\/media\/122600"}],"wp:attachment":[{"href":"https:\/\/www.sudoestehoje.com.br\/novoportal\/wp-json\/wp\/v2\/media?parent=122598"}],"wp:term":[{"taxonomy":"category","embeddable":true,"href":"https:\/\/www.sudoestehoje.com.br\/novoportal\/wp-json\/wp\/v2\/categories?post=122598"},{"taxonomy":"post_tag","embeddable":true,"href":"https:\/\/www.sudoestehoje.com.br\/novoportal\/wp-json\/wp\/v2\/tags?post=122598"}],"curies":[{"name":"wp","href":"https:\/\/api.w.org\/{rel}","templated":true}]}}