
{"id":122591,"date":"2025-07-10T09:46:44","date_gmt":"2025-07-10T12:46:44","guid":{"rendered":"https:\/\/www.sudoestehoje.com.br\/novoportal\/?p=122591"},"modified":"2025-07-10T09:46:44","modified_gmt":"2025-07-10T12:46:44","slug":"mdb-itapetinga-definicoes-so-a-partir-da-janela-de-marco-2026","status":"publish","type":"post","link":"https:\/\/www.sudoestehoje.com.br\/novoportal\/2025\/07\/10\/mdb-itapetinga-definicoes-so-a-partir-da-janela-de-marco-2026\/","title":{"rendered":"MDB ITAPETINGA | DEFINI\u00c7\u00d5ES S\u00d3 A PARTIR DA JANELA DE MAR\u00c7O\/2026"},"content":{"rendered":"<p><img loading=\"lazy\" decoding=\"async\" class=\"alignnone size-full wp-image-122594\" src=\"https:\/\/www.sudoestehoje.com.br\/novoportal\/wp-content\/uploads\/2025\/07\/Imagem-do-WhatsApp-de-2025-07-10-as-09.33.48_7f0cdf93.jpg\" alt=\"\" width=\"1080\" height=\"1055\" \/><\/p>\n<p>A t\u00e3o aguardada reaproxima\u00e7\u00e3o entre o prefeito de Itapetinga, Eduardo Hagge, e seu sobrinho Rodrigo ainda n\u00e3o tem data ou prazo, mas deve acontecer mesmo em mar\u00e7o do ano que vem, na &#8216;janela partid\u00e1ria&#8217;, segundo informa\u00e7\u00f5es de bastidores.<\/p>\n<p>At\u00e9 l\u00e1, muita coisa vai acontecer, inclusive a sa\u00edda de Rodrigo para outro partido da base de Neto. Composi\u00e7\u00e3o com o governo \u00e9 improv\u00e1vel, mas em pol\u00edtica nada \u00e9 definitivo ou imposs\u00edvel&#8230;<\/p>\n<p>O QUE PEGA?<\/p>\n<p>A principal dificuldade para que essa reaproxima\u00e7\u00e3o pol\u00edtica aconte\u00e7a \u00e9 a disputa estadual entre o governador Jer\u00f4nimo e o ex-prefeito de Salvador ACM Neto, que lidera a oposi\u00e7\u00e3o no estado. Eduardo apoia Jer\u00f4nimo, enquanto Rodrigo \u00e9 ligado a ACM Neto. \u00c9 a\u00ed que o bicho pega&#8230;<\/p>\n<p>CASADINHA ENTRE JAYMINHO E RODRIGO<\/p>\n<p>O que poderia aliviar as tens\u00f5es entre os herdeiros pol\u00edticos de Michel Hagge, seria uma &#8216;casadinha&#8217; entre Rodrigo e o candidato a federal de Eduardo, Jayme Vieira Lima, ambos no MDB. Acontece que Rodrigo est\u00e1 &#8216;solto&#8217; e vem articulando apoios de outros federais, a exemplo de Ant\u00f4nio Brito, l\u00edder do PSD nacional e detentor de uma base invej\u00e1vel em Itapetinga, com apoio de nada menos que 9 vereadores, a maioria da base do pr\u00f3prio MDB. N\u00f3 dif\u00edcil de desatar, mas tem jeito&#8230;<\/p>\n<p>AGORA, S\u00d3 ARTICULA\u00c7\u00c3O<\/p>\n<p>Nas elei\u00e7\u00f5es recentes, o per\u00edodo eleitoral encolheu e a ordem agora \u00e9 esperar sentado at\u00e9 a poeira baixar. Conversa tem muita, mas defini\u00e7\u00e3o s\u00f3 depois que as fus\u00f5es, incorpora\u00e7\u00f5es e federa\u00e7\u00f5es se concretizarem. Isto vale pra Rodrigo Hagge e qualquer outro postulante a uma cadeira de deputado. At\u00e9 l\u00e1, s\u00f3 &#8216;speculation&#8217;&#8230;<\/p>\n<p>Por Davi Ferraz<\/p>\n","protected":false},"excerpt":{"rendered":"<p>A t\u00e3o aguardada reaproxima\u00e7\u00e3o entre o prefeito de Itapetinga, Eduardo Hagge, e seu sobrinho Rodrigo ainda n\u00e3o tem data ou prazo, mas deve acontecer mesmo em mar\u00e7o do ano que vem, na &#8216;janela partid\u00e1ria&#8217;, segundo informa\u00e7\u00f5es de bastidores. At\u00e9 l\u00e1, muita coisa vai acontecer, inclusive a sa\u00edda de Rodrigo para outro partido da base de [&hellip;]<\/p>\n","protected":false},"author":2,"featured_media":122594,"comment_status":"closed","ping_status":"open","sticky":false,"template":"","format":"standard","meta":{"footnotes":"","_links_to":"","_links_to_target":""},"categories":[1],"tags":[],"class_list":["post-122591","post","type-post","status-publish","format-standard","has-post-thumbnail","hentry","category-geral"],"views":939,"_links":{"self":[{"href":"https:\/\/www.sudoestehoje.com.br\/novoportal\/wp-json\/wp\/v2\/posts\/122591","targetHints":{"allow":["GET"]}}],"collection":[{"href":"https:\/\/www.sudoestehoje.com.br\/novoportal\/wp-json\/wp\/v2\/posts"}],"about":[{"href":"https:\/\/www.sudoestehoje.com.br\/novoportal\/wp-json\/wp\/v2\/types\/post"}],"author":[{"embeddable":true,"href":"https:\/\/www.sudoestehoje.com.br\/novoportal\/wp-json\/wp\/v2\/users\/2"}],"replies":[{"embeddable":true,"href":"https:\/\/www.sudoestehoje.com.br\/novoportal\/wp-json\/wp\/v2\/comments?post=122591"}],"version-history":[{"count":3,"href":"https:\/\/www.sudoestehoje.com.br\/novoportal\/wp-json\/wp\/v2\/posts\/122591\/revisions"}],"predecessor-version":[{"id":122597,"href":"https:\/\/www.sudoestehoje.com.br\/novoportal\/wp-json\/wp\/v2\/posts\/122591\/revisions\/122597"}],"wp:featuredmedia":[{"embeddable":true,"href":"https:\/\/www.sudoestehoje.com.br\/novoportal\/wp-json\/wp\/v2\/media\/122594"}],"wp:attachment":[{"href":"https:\/\/www.sudoestehoje.com.br\/novoportal\/wp-json\/wp\/v2\/media?parent=122591"}],"wp:term":[{"taxonomy":"category","embeddable":true,"href":"https:\/\/www.sudoestehoje.com.br\/novoportal\/wp-json\/wp\/v2\/categories?post=122591"},{"taxonomy":"post_tag","embeddable":true,"href":"https:\/\/www.sudoestehoje.com.br\/novoportal\/wp-json\/wp\/v2\/tags?post=122591"}],"curies":[{"name":"wp","href":"https:\/\/api.w.org\/{rel}","templated":true}]}}