
{"id":122583,"date":"2025-07-09T10:48:40","date_gmt":"2025-07-09T13:48:40","guid":{"rendered":"https:\/\/www.sudoestehoje.com.br\/novoportal\/?p=122583"},"modified":"2025-07-09T10:48:40","modified_gmt":"2025-07-09T13:48:40","slug":"cultura-itapetinga-realiza-encontro-territorial-nossas-memorias-nesta-quinta","status":"publish","type":"post","link":"https:\/\/www.sudoestehoje.com.br\/novoportal\/2025\/07\/09\/cultura-itapetinga-realiza-encontro-territorial-nossas-memorias-nesta-quinta\/","title":{"rendered":"CULTURA | ITAPETINGA REALIZA ENCONTRO TERRITORIAL &#8216;NOSSAS MEM\u00d3RIAS&#8217; NESTA QUINTA"},"content":{"rendered":"<p><img loading=\"lazy\" decoding=\"async\" class=\"alignnone  wp-image-122584\" src=\"https:\/\/www.sudoestehoje.com.br\/novoportal\/wp-content\/uploads\/2025\/07\/Imagem-do-WhatsApp-de-2025-07-09-as-09.59.21_de3aa775.jpg\" alt=\"\" width=\"562\" height=\"703\" \/><\/p>\n<p>No dia 10 de julho, acontece o &#8220;Encontro Territorial &#8211; Nossas Mem\u00f3rias&#8221;, realizado pelo Centro de Mem\u00f3rias da Bahia (FPC\/SecultBA) e pela prefeitura de Itapetinga.<\/p>\n<p>O evento reunir\u00e1 autoridades, pesquisadores e a comunidade para debater as tradi\u00e7\u00f5es culturais, o patrim\u00f4nio hist\u00f3rico e o papel do territ\u00f3rio no processo de Independ\u00eancia do Brasil na Bahia.<\/p>\n<p>Com mesas de abertura e rodas de conversa, o encontro convida \u00e0 reflex\u00e3o sobre a mem\u00f3ria coletiva e o fortalecimento da identidade do M\u00e9dio Sudoeste Baiano.<\/p>\n<p>Uma oportunidade \u00fanica para conhecer, dialogar e celebrar as ra\u00edzes que nos conectam.<\/p>\n","protected":false},"excerpt":{"rendered":"<p>No dia 10 de julho, acontece o &#8220;Encontro Territorial &#8211; Nossas Mem\u00f3rias&#8221;, realizado pelo Centro de Mem\u00f3rias da Bahia (FPC\/SecultBA) e pela prefeitura de Itapetinga. O evento reunir\u00e1 autoridades, pesquisadores e a comunidade para debater as tradi\u00e7\u00f5es culturais, o patrim\u00f4nio hist\u00f3rico e o papel do territ\u00f3rio no processo de Independ\u00eancia do Brasil na Bahia. Com [&hellip;]<\/p>\n","protected":false},"author":2,"featured_media":122584,"comment_status":"closed","ping_status":"open","sticky":false,"template":"","format":"standard","meta":{"footnotes":"","_links_to":"","_links_to_target":""},"categories":[1],"tags":[],"class_list":["post-122583","post","type-post","status-publish","format-standard","has-post-thumbnail","hentry","category-geral"],"views":981,"_links":{"self":[{"href":"https:\/\/www.sudoestehoje.com.br\/novoportal\/wp-json\/wp\/v2\/posts\/122583","targetHints":{"allow":["GET"]}}],"collection":[{"href":"https:\/\/www.sudoestehoje.com.br\/novoportal\/wp-json\/wp\/v2\/posts"}],"about":[{"href":"https:\/\/www.sudoestehoje.com.br\/novoportal\/wp-json\/wp\/v2\/types\/post"}],"author":[{"embeddable":true,"href":"https:\/\/www.sudoestehoje.com.br\/novoportal\/wp-json\/wp\/v2\/users\/2"}],"replies":[{"embeddable":true,"href":"https:\/\/www.sudoestehoje.com.br\/novoportal\/wp-json\/wp\/v2\/comments?post=122583"}],"version-history":[{"count":2,"href":"https:\/\/www.sudoestehoje.com.br\/novoportal\/wp-json\/wp\/v2\/posts\/122583\/revisions"}],"predecessor-version":[{"id":122586,"href":"https:\/\/www.sudoestehoje.com.br\/novoportal\/wp-json\/wp\/v2\/posts\/122583\/revisions\/122586"}],"wp:featuredmedia":[{"embeddable":true,"href":"https:\/\/www.sudoestehoje.com.br\/novoportal\/wp-json\/wp\/v2\/media\/122584"}],"wp:attachment":[{"href":"https:\/\/www.sudoestehoje.com.br\/novoportal\/wp-json\/wp\/v2\/media?parent=122583"}],"wp:term":[{"taxonomy":"category","embeddable":true,"href":"https:\/\/www.sudoestehoje.com.br\/novoportal\/wp-json\/wp\/v2\/categories?post=122583"},{"taxonomy":"post_tag","embeddable":true,"href":"https:\/\/www.sudoestehoje.com.br\/novoportal\/wp-json\/wp\/v2\/tags?post=122583"}],"curies":[{"name":"wp","href":"https:\/\/api.w.org\/{rel}","templated":true}]}}