
{"id":122577,"date":"2025-07-09T10:38:20","date_gmt":"2025-07-09T13:38:20","guid":{"rendered":"https:\/\/www.sudoestehoje.com.br\/novoportal\/?p=122577"},"modified":"2025-07-09T10:43:03","modified_gmt":"2025-07-09T13:43:03","slug":"assai-abre-300-vagas-de-empregos-na-bahia-itapetinga-contemplada","status":"publish","type":"post","link":"https:\/\/www.sudoestehoje.com.br\/novoportal\/2025\/07\/09\/assai-abre-300-vagas-de-empregos-na-bahia-itapetinga-contemplada\/","title":{"rendered":"ASSA\u00cd ABRE 300 VAGAS DE EMPREGOS NA BAHIA; ITAPETINGA CONTEMPLADA"},"content":{"rendered":"<p><img loading=\"lazy\" decoding=\"async\" class=\"alignnone size-full wp-image-122580\" src=\"https:\/\/www.sudoestehoje.com.br\/novoportal\/wp-content\/uploads\/2025\/07\/assai-pronro-1.jpg\" alt=\"\" width=\"960\" height=\"586\" \/><\/p>\n<p>A rede de supermercados Assa\u00ed Atacadista est\u00e1 com 300 vagas de emprego abertas em diversas cidades da Bahia, incluindo Vit\u00f3ria da Conquista, no sudoeste do estado. As oportunidades s\u00e3o para diferentes fun\u00e7\u00f5es operacionais, com destaque para o cargo de operador de caixa, e tamb\u00e9m s\u00e3o voltadas para pessoas com defici\u00eancia.<\/p>\n<p>Al\u00e9m de Itapetinga, h\u00e1 vagas dispon\u00edveis em Salvador, Vit\u00f3ria da Conquista, Barreiras, Cama\u00e7ari, Feira de Santana, Guanambi, Ilh\u00e9us, Jequi\u00e9, Juazeiro, Lauro de Freitas, Paulo Afonso, Senhor do Bonfim, Serrinha e Teixeira de Freitas.<\/p>\n<p>Para se candidatar, \u00e9 necess\u00e1rio ter mais de 18 anos e ensino m\u00e9dio completo. O processo seletivo inclui etapas presenciais e online. A empresa manter\u00e1 o banco de dados aberto, o que significa que n\u00e3o h\u00e1 um prazo final para inscri\u00e7\u00e3o. Os interessados devem se cadastrar diretamente na plataforma de recrutamento do Assa\u00ed.<\/p>\n<p>A iniciativa representa uma oportunidade significativa de inser\u00e7\u00e3o no mercado de trabalho em diferentes regi\u00f5es do estado, com possibilidade de atua\u00e7\u00e3o em uma das maiores redes atacadistas do pa\u00eds. \/\/G1<\/p>\n","protected":false},"excerpt":{"rendered":"<p>A rede de supermercados Assa\u00ed Atacadista est\u00e1 com 300 vagas de emprego abertas em diversas cidades da Bahia, incluindo Vit\u00f3ria da Conquista, no sudoeste do estado. As oportunidades s\u00e3o para diferentes fun\u00e7\u00f5es operacionais, com destaque para o cargo de operador de caixa, e tamb\u00e9m s\u00e3o voltadas para pessoas com defici\u00eancia. Al\u00e9m de Itapetinga, h\u00e1 vagas [&hellip;]<\/p>\n","protected":false},"author":2,"featured_media":122580,"comment_status":"closed","ping_status":"open","sticky":false,"template":"","format":"standard","meta":{"footnotes":"","_links_to":"","_links_to_target":""},"categories":[1],"tags":[],"class_list":["post-122577","post","type-post","status-publish","format-standard","has-post-thumbnail","hentry","category-geral"],"views":1549,"_links":{"self":[{"href":"https:\/\/www.sudoestehoje.com.br\/novoportal\/wp-json\/wp\/v2\/posts\/122577","targetHints":{"allow":["GET"]}}],"collection":[{"href":"https:\/\/www.sudoestehoje.com.br\/novoportal\/wp-json\/wp\/v2\/posts"}],"about":[{"href":"https:\/\/www.sudoestehoje.com.br\/novoportal\/wp-json\/wp\/v2\/types\/post"}],"author":[{"embeddable":true,"href":"https:\/\/www.sudoestehoje.com.br\/novoportal\/wp-json\/wp\/v2\/users\/2"}],"replies":[{"embeddable":true,"href":"https:\/\/www.sudoestehoje.com.br\/novoportal\/wp-json\/wp\/v2\/comments?post=122577"}],"version-history":[{"count":3,"href":"https:\/\/www.sudoestehoje.com.br\/novoportal\/wp-json\/wp\/v2\/posts\/122577\/revisions"}],"predecessor-version":[{"id":122582,"href":"https:\/\/www.sudoestehoje.com.br\/novoportal\/wp-json\/wp\/v2\/posts\/122577\/revisions\/122582"}],"wp:featuredmedia":[{"embeddable":true,"href":"https:\/\/www.sudoestehoje.com.br\/novoportal\/wp-json\/wp\/v2\/media\/122580"}],"wp:attachment":[{"href":"https:\/\/www.sudoestehoje.com.br\/novoportal\/wp-json\/wp\/v2\/media?parent=122577"}],"wp:term":[{"taxonomy":"category","embeddable":true,"href":"https:\/\/www.sudoestehoje.com.br\/novoportal\/wp-json\/wp\/v2\/categories?post=122577"},{"taxonomy":"post_tag","embeddable":true,"href":"https:\/\/www.sudoestehoje.com.br\/novoportal\/wp-json\/wp\/v2\/tags?post=122577"}],"curies":[{"name":"wp","href":"https:\/\/api.w.org\/{rel}","templated":true}]}}