
{"id":12255,"date":"2012-01-20T23:03:36","date_gmt":"2012-01-21T02:03:36","guid":{"rendered":"http:\/\/www.sudoestehoje.com.br\/novoportal\/?p=12255"},"modified":"2012-01-20T23:06:05","modified_gmt":"2012-01-21T02:06:05","slug":"macarani-ganha-novo-psf","status":"publish","type":"post","link":"https:\/\/www.sudoestehoje.com.br\/novoportal\/2012\/01\/20\/macarani-ganha-novo-psf\/","title":{"rendered":"MACARANI GANHA NOVO PSF"},"content":{"rendered":"<p style=\"text-align: center;\"><a href=\"http:\/\/www.sudoestehoje.com.br\/novoportal\/wp-content\/uploads\/2012\/01\/Novo-PSF.jpg\"><img decoding=\"async\" class=\"aligncenter size-medium wp-image-12292\" title=\"Novo PSF\" src=\"http:\/\/www.sudoestehoje.com.br\/novoportal\/wp-content\/uploads\/2012\/01\/Novo-PSF-500x328.jpg\" alt=\"\" width=\"400\" srcset=\"https:\/\/www.sudoestehoje.com.br\/novoportal\/wp-content\/uploads\/2012\/01\/Novo-PSF-500x328.jpg 500w, https:\/\/www.sudoestehoje.com.br\/novoportal\/wp-content\/uploads\/2012\/01\/Novo-PSF.jpg 972w\" sizes=\"(max-width: 500px) 100vw, 500px\" \/><\/a><\/p>\n<p>MACARANI: Para aproximar ainda mais a sa\u00fade da popula\u00e7\u00e3o, a prefeitura de Macarani deu inicio a constru\u00e7\u00e3o do novo PSF do Bairro Sobral Bentes, num local mais centralizado, amplo e de f\u00e1cil acesso \u00e0 comunidade, que hoje \u00e9 atendida no Posto de Sa\u00fade anexo ao Centro de Fisioterapia, no Bairro Guaruj\u00e1.<\/p>\n<p>A obra est\u00e1 sendo alicer\u00e7ada e ter\u00e1 o mesmo padr\u00e3o do PSF do Centro. Segundo o Arquiteto da prefeitura, Jorge Jourdam, o novo Posto de Sa\u00fade da Fam\u00edlia ter\u00e1 uma \u00e1rea constru\u00edda de aproximadamente 200 m\u00b2 e contar\u00e1 com dois ambulat\u00f3rios m\u00e9dicos e um odontol\u00f3gico; dois banheiros adaptados para deficientes f\u00edsicos; sala de recep\u00e7\u00e3o; centro de observa\u00e7\u00e3o e setor de imuniza\u00e7\u00e3o (vacinas).<\/p>\n<p>Para trabalho interno, o Centro contar\u00e1 tamb\u00e9m com sala de esteriliza\u00e7\u00e3o, farm\u00e1cia b\u00e1sica, recep\u00e7\u00e3o administrativa e copa\/cozinha. A climatiza\u00e7\u00e3o do ambiente foi outra preocupa\u00e7\u00e3o do projetista que incluiu em seu interior dois corredores de ventila\u00e7\u00e3o, para proporcionar melhor conforto para os profissionais e pacientes.<!--more--><\/p>\n<p>O prefeito Carlinhos espera pela conclus\u00e3o da obra em 120 dias e revelou ser esse o cumprimento de mais um compromisso da sua administra\u00e7\u00e3o, o que o deixa feliz, pois estar contemplando a popula\u00e7\u00e3o de um importante bairro, cuja popula\u00e7\u00e3o merece todos os esfor\u00e7os do governo municipal no sentido de lhe proporcionar uma melhor qualidade de vida, com dignidade e respeito.<\/p>\n<p>Existe um diferencial importante a ser considerado em rela\u00e7\u00e3o aos PSFs constru\u00eddos na atual gest\u00e3o de Macarani em compara\u00e7\u00e3o com os j\u00e1 existentes, constru\u00eddos na administra\u00e7\u00e3o passada: os centros Eremita Pessoa, do Bairro Marjorie Parque e Dom Bosco, localizado no Jardim Guaruj\u00e1. Estes s\u00e3o uns verdadeiros cub\u00edculos com condi\u00e7\u00f5es restritas de trabalho com falta de acomoda\u00e7\u00e3o e conforto, tanto para os profissionais, quanto os pacientes que buscam atendimento.<\/p>\n<p>Embora os recursos tenham sido alocados em sua integralidade, n\u00e3o se sabe a raz\u00e3o de os mesmos n\u00e3o terem sido aplicados no melhor da sua forma, sendo que esses PSFs poderiam ter sido constru\u00eddos obedecendo aos crit\u00e9rios exigidos pelo Fundo Nacional de Sa\u00fade, e n\u00e3o pequenos biombos, com material de qualidade question\u00e1vel e em \u00e1reas de 100 m\u00b2, a metade dos novos PSFs edificados na atual administra\u00e7\u00e3o.<\/p>\n<p>A boa not\u00edcia \u00e9 que a prefeitura j\u00e1 estar projetando a reforma e amplia\u00e7\u00e3o dessas Unidades de Sa\u00fade em parceria com o Minist\u00e9rio da Sa\u00fade, que criou um Programa com esta finalidade para os munic\u00edpios adimplentes com a Uni\u00e3o e que cumpram com responsabilidade as metas preconizadas pelo minist\u00e9rio.<\/p>\n<p>Falando sobre a constru\u00e7\u00e3o do PSF do Sobral Bentes, o prefeito Carlinhos afirmou que a marca do seu Governo \u00e9 o trabalho e a popula\u00e7\u00e3o tem sentido isso, frente ao volume de obras que tem realizado desde que assumiu a prefeitura. &#8220;Nenhum outro prefeito fez tanto em t\u00e3o pouco tempo. Inauguramos uma nova forma de fazer pol\u00edtica em Macarani que vem dando certo. A popula\u00e7\u00e3o reconhece o empenho da administra\u00e7\u00e3o e \u00e9 testemunha do que ela tem feito. Tiramos o munic\u00edpio do marasmo administrativo e o direcionamos para o progresso, a liberdade, respeito e dignidade ao cidad\u00e3o com investimentos na educa\u00e7\u00e3o, sa\u00fade, assist\u00eancia social, obras e infraestrutura, somat\u00f3ria de a\u00e7\u00f5es que n\u00e3o permitir\u00e1 o retrocesso no munic\u00edpio&#8221;.<\/p>\n<p><em>ASCOM &#8211; JOTA SANTOS<\/em><\/p>\n","protected":false},"excerpt":{"rendered":"<p>MACARANI: Para aproximar ainda mais a sa\u00fade da popula\u00e7\u00e3o, a prefeitura de Macarani deu inicio a constru\u00e7\u00e3o do novo PSF do Bairro Sobral Bentes, num local mais centralizado, amplo e de f\u00e1cil acesso \u00e0 comunidade, que hoje \u00e9 atendida no Posto de Sa\u00fade anexo ao Centro de Fisioterapia, no Bairro Guaruj\u00e1. A obra est\u00e1 sendo [&hellip;]<\/p>\n","protected":false},"author":2,"featured_media":0,"comment_status":"open","ping_status":"open","sticky":false,"template":"","format":"standard","meta":{"footnotes":"","_links_to":"","_links_to_target":""},"categories":[1],"tags":[],"class_list":["post-12255","post","type-post","status-publish","format-standard","hentry","category-geral"],"views":1882,"_links":{"self":[{"href":"https:\/\/www.sudoestehoje.com.br\/novoportal\/wp-json\/wp\/v2\/posts\/12255","targetHints":{"allow":["GET"]}}],"collection":[{"href":"https:\/\/www.sudoestehoje.com.br\/novoportal\/wp-json\/wp\/v2\/posts"}],"about":[{"href":"https:\/\/www.sudoestehoje.com.br\/novoportal\/wp-json\/wp\/v2\/types\/post"}],"author":[{"embeddable":true,"href":"https:\/\/www.sudoestehoje.com.br\/novoportal\/wp-json\/wp\/v2\/users\/2"}],"replies":[{"embeddable":true,"href":"https:\/\/www.sudoestehoje.com.br\/novoportal\/wp-json\/wp\/v2\/comments?post=12255"}],"version-history":[{"count":4,"href":"https:\/\/www.sudoestehoje.com.br\/novoportal\/wp-json\/wp\/v2\/posts\/12255\/revisions"}],"predecessor-version":[{"id":12294,"href":"https:\/\/www.sudoestehoje.com.br\/novoportal\/wp-json\/wp\/v2\/posts\/12255\/revisions\/12294"}],"wp:attachment":[{"href":"https:\/\/www.sudoestehoje.com.br\/novoportal\/wp-json\/wp\/v2\/media?parent=12255"}],"wp:term":[{"taxonomy":"category","embeddable":true,"href":"https:\/\/www.sudoestehoje.com.br\/novoportal\/wp-json\/wp\/v2\/categories?post=12255"},{"taxonomy":"post_tag","embeddable":true,"href":"https:\/\/www.sudoestehoje.com.br\/novoportal\/wp-json\/wp\/v2\/tags?post=12255"}],"curies":[{"name":"wp","href":"https:\/\/api.w.org\/{rel}","templated":true}]}}