
{"id":122547,"date":"2025-07-08T09:33:57","date_gmt":"2025-07-08T12:33:57","guid":{"rendered":"https:\/\/www.sudoestehoje.com.br\/novoportal\/?p=122547"},"modified":"2025-07-08T09:33:57","modified_gmt":"2025-07-08T12:33:57","slug":"tempo-onda-historica-de-frio-atingira-todo-o-brasil-a-partir-de-agosto","status":"publish","type":"post","link":"https:\/\/www.sudoestehoje.com.br\/novoportal\/2025\/07\/08\/tempo-onda-historica-de-frio-atingira-todo-o-brasil-a-partir-de-agosto\/","title":{"rendered":"TEMPO | ONDA HIST\u00d3RICA DE FRIO ATINGIR\u00c1 TODO O BRASIL A PARTIR DE AGOSTO"},"content":{"rendered":"<p><img loading=\"lazy\" decoding=\"async\" class=\"alignnone  wp-image-122551\" src=\"https:\/\/www.sudoestehoje.com.br\/novoportal\/wp-content\/uploads\/2025\/07\/a-thunderstorm-cell-3153625_1280-1024x682-1.jpg\" alt=\"\" width=\"560\" height=\"373\" \/><br \/>\nPrepare-se: o Brasil enfrentar\u00e1 uma das ondas de frio mais intensas da hist\u00f3ria! A massa de ar polar que vai avan\u00e7ar sobre o pa\u00eds est\u00e1 sendo considerada por especialistas como um evento clim\u00e1tico sem precedentes, com temperaturas negativas, geadas amplas e at\u00e9 neve em \u00e1reas serranas.<\/p>\n<p>Mas o mais impressionante \u00e9 o alcance nacional desse frio: todas as regi\u00f5es do pa\u00eds ser\u00e3o afetadas, incluindo \u00e1reas do Norte e Nordeste, como Tocantins, Maranh\u00e3o e sul do Par\u00e1. No Sul, os term\u00f4metros chegaram a marcar -10 \u00b0C em Bom Jardim da Serra (SC) e at\u00e9 gelo negro se formou em rodovias, oferecendo risco extremo a motoristas, na \u00faltima onda de frio.<\/p>\n<p>Segundo o portal Tempo.com, as temperaturas est\u00e3o entre as 1% mais baixas j\u00e1 registradas em capitais como S\u00e3o Paulo, BH e Rio. Especialistas explicam que isso n\u00e3o se trata apenas de uma frente fria comum, mas de um v\u00f3rtice polar excepcional, associado \u00e0 chamada amplifica\u00e7\u00e3o polar, fen\u00f4meno que est\u00e1 permitindo que o ar gelado da Ant\u00e1rtida avance com mais for\u00e7a at\u00e9 o Brasil.<\/p>\n<p>Frio hist\u00f3rico: essa ser\u00e1 a quinta onda de frio de 2025 e pode n\u00e3o ser a \u00faltima. A previs\u00e3o \u00e9 de mais uma massa polar intensa em agosto.<\/p>\n<p>Proteja-se! Reforce os agasalhos, cuide de idosos, crian\u00e7as e animais. Agricultores devem tomar medidas para proteger lavouras e rebanhos.<\/p>\n","protected":false},"excerpt":{"rendered":"<p>Prepare-se: o Brasil enfrentar\u00e1 uma das ondas de frio mais intensas da hist\u00f3ria! A massa de ar polar que vai avan\u00e7ar sobre o pa\u00eds est\u00e1 sendo considerada por especialistas como um evento clim\u00e1tico sem precedentes, com temperaturas negativas, geadas amplas e at\u00e9 neve em \u00e1reas serranas. Mas o mais impressionante \u00e9 o alcance nacional desse [&hellip;]<\/p>\n","protected":false},"author":2,"featured_media":122551,"comment_status":"closed","ping_status":"open","sticky":false,"template":"","format":"standard","meta":{"footnotes":"","_links_to":"","_links_to_target":""},"categories":[1],"tags":[],"class_list":["post-122547","post","type-post","status-publish","format-standard","has-post-thumbnail","hentry","category-geral"],"views":1762,"_links":{"self":[{"href":"https:\/\/www.sudoestehoje.com.br\/novoportal\/wp-json\/wp\/v2\/posts\/122547","targetHints":{"allow":["GET"]}}],"collection":[{"href":"https:\/\/www.sudoestehoje.com.br\/novoportal\/wp-json\/wp\/v2\/posts"}],"about":[{"href":"https:\/\/www.sudoestehoje.com.br\/novoportal\/wp-json\/wp\/v2\/types\/post"}],"author":[{"embeddable":true,"href":"https:\/\/www.sudoestehoje.com.br\/novoportal\/wp-json\/wp\/v2\/users\/2"}],"replies":[{"embeddable":true,"href":"https:\/\/www.sudoestehoje.com.br\/novoportal\/wp-json\/wp\/v2\/comments?post=122547"}],"version-history":[{"count":4,"href":"https:\/\/www.sudoestehoje.com.br\/novoportal\/wp-json\/wp\/v2\/posts\/122547\/revisions"}],"predecessor-version":[{"id":122553,"href":"https:\/\/www.sudoestehoje.com.br\/novoportal\/wp-json\/wp\/v2\/posts\/122547\/revisions\/122553"}],"wp:featuredmedia":[{"embeddable":true,"href":"https:\/\/www.sudoestehoje.com.br\/novoportal\/wp-json\/wp\/v2\/media\/122551"}],"wp:attachment":[{"href":"https:\/\/www.sudoestehoje.com.br\/novoportal\/wp-json\/wp\/v2\/media?parent=122547"}],"wp:term":[{"taxonomy":"category","embeddable":true,"href":"https:\/\/www.sudoestehoje.com.br\/novoportal\/wp-json\/wp\/v2\/categories?post=122547"},{"taxonomy":"post_tag","embeddable":true,"href":"https:\/\/www.sudoestehoje.com.br\/novoportal\/wp-json\/wp\/v2\/tags?post=122547"}],"curies":[{"name":"wp","href":"https:\/\/api.w.org\/{rel}","templated":true}]}}