
{"id":122513,"date":"2025-07-04T12:35:07","date_gmt":"2025-07-04T15:35:07","guid":{"rendered":"https:\/\/www.sudoestehoje.com.br\/novoportal\/?p=122513"},"modified":"2025-07-04T12:35:07","modified_gmt":"2025-07-04T15:35:07","slug":"urgente-moraes-suspende-decreto-de-lula-e-decisao-do-congresso-sobre-iof-e-marca-audiencia-de-conciliacao","status":"publish","type":"post","link":"https:\/\/www.sudoestehoje.com.br\/novoportal\/2025\/07\/04\/urgente-moraes-suspende-decreto-de-lula-e-decisao-do-congresso-sobre-iof-e-marca-audiencia-de-conciliacao\/","title":{"rendered":"URGENTE! MORAES SUSPENDE DECRETO DE LULA E DECIS\u00c3O DO CONGRESSO SOBRE IOF E MARCA AUDI\u00caNCIA DE CONCILIA\u00c7\u00c3O"},"content":{"rendered":"<div id=\"chunk-92qpk\">\n<div class=\"mc-column content-text active-extra-styles \" data-block-type=\"unstyled\" data-block-weight=\"42\" data-block-id=\"3\">\n<p data-track-category=\"Link no Texto\" data-track-links=\"\" data-mrf-recirculation=\"Mat\u00e9ria - Links no Texto\"><img loading=\"lazy\" decoding=\"async\" class=\"alignnone size-full wp-image-122517\" src=\"https:\/\/www.sudoestehoje.com.br\/novoportal\/wp-content\/uploads\/2025\/07\/t_c21e5879537b4e5f98679ee7ffc08662_name_file_960x540_1600_v4_.jpg\" alt=\"\" width=\"802\" height=\"411\" \/><\/p>\n<p class=\" content-text__container \" data-track-category=\"Link no Texto\" data-track-links=\"\" data-mrf-recirculation=\"Mat\u00e9ria - Links no Texto\">O ministro do Supremo Tribunal Federal (<a class=\"\" href=\"https:\/\/g1.globo.com\/tudo-sobre\/supremo-tribunal-federal\/\" data-mrf-link=\"https:\/\/g1.globo.com\/tudo-sobre\/supremo-tribunal-federal\/\">STF<\/a>)\u00a0<a class=\"\" href=\"https:\/\/g1.globo.com\/tudo-sobre\/alexandre-de-moraes\/\" data-mrf-link=\"https:\/\/g1.globo.com\/tudo-sobre\/alexandre-de-moraes\/\">Alexandre de Moraes<\/a>\u00a0suspendeu, nesta sexta-feira (4), os efeitos de todos os decretos que tratam sobre o\u00a0<a class=\"\" href=\"https:\/\/g1.globo.com\/politica\/noticia\/2025\/07\/01\/governo-vai-recorrer-na-justica-contra-derrubada-do-iof-diz-agu.ghtml\" data-mrf-link=\"https:\/\/g1.globo.com\/politica\/noticia\/2025\/07\/01\/governo-vai-recorrer-na-justica-contra-derrubada-do-iof-diz-agu.ghtml\">Imposto sobre Opera\u00e7\u00f5es Financeiras (IOF)<\/a>\u00a0e determinou uma\u00a0<strong>audi\u00eancia de concilia\u00e7\u00e3o<\/strong>\u00a0entre governo e Congresso sobre o tema.<\/p>\n<\/div>\n<\/div>\n<div class=\"wall protected-content\">\n<div id=\"chunk-7b76o\">\n<div class=\"mc-column content-text active-extra-styles \" data-block-type=\"unstyled\" data-block-weight=\"19\" data-block-id=\"5\">\n<p class=\" content-text__container \" data-track-category=\"Link no Texto\" data-track-links=\"\" data-mrf-recirculation=\"Mat\u00e9ria - Links no Texto\">A audi\u00eancia de concilia\u00e7\u00e3o foi\u00a0<strong>marcada para 15 de julho<\/strong>, no plen\u00e1rio de audi\u00eancias da Corte, em Bras\u00edlia.<\/p>\n<p><span style=\"color: #0000ff;\"><strong><a style=\"color: #0000ff;\" href=\"https:\/\/g1.globo.com\/politica\/noticia\/2025\/07\/04\/moraes-determina-audiencia-de-conciliacao-para-decidir-sobre-iof.ghtml\">CLIQUE E CONFIRA TUDO NO G1<\/a><\/strong><\/span><\/p>\n<\/div>\n<\/div>\n<\/div>\n","protected":false},"excerpt":{"rendered":"<p>O ministro do Supremo Tribunal Federal (STF)\u00a0Alexandre de Moraes\u00a0suspendeu, nesta sexta-feira (4), os efeitos de todos os decretos que tratam sobre o\u00a0Imposto sobre Opera\u00e7\u00f5es Financeiras (IOF)\u00a0e determinou uma\u00a0audi\u00eancia de concilia\u00e7\u00e3o\u00a0entre governo e Congresso sobre o tema. A audi\u00eancia de concilia\u00e7\u00e3o foi\u00a0marcada para 15 de julho, no plen\u00e1rio de audi\u00eancias da Corte, em Bras\u00edlia. CLIQUE E [&hellip;]<\/p>\n","protected":false},"author":2,"featured_media":122517,"comment_status":"closed","ping_status":"open","sticky":false,"template":"","format":"standard","meta":{"footnotes":"","_links_to":"","_links_to_target":""},"categories":[1],"tags":[],"class_list":["post-122513","post","type-post","status-publish","format-standard","has-post-thumbnail","hentry","category-geral"],"views":1247,"_links":{"self":[{"href":"https:\/\/www.sudoestehoje.com.br\/novoportal\/wp-json\/wp\/v2\/posts\/122513","targetHints":{"allow":["GET"]}}],"collection":[{"href":"https:\/\/www.sudoestehoje.com.br\/novoportal\/wp-json\/wp\/v2\/posts"}],"about":[{"href":"https:\/\/www.sudoestehoje.com.br\/novoportal\/wp-json\/wp\/v2\/types\/post"}],"author":[{"embeddable":true,"href":"https:\/\/www.sudoestehoje.com.br\/novoportal\/wp-json\/wp\/v2\/users\/2"}],"replies":[{"embeddable":true,"href":"https:\/\/www.sudoestehoje.com.br\/novoportal\/wp-json\/wp\/v2\/comments?post=122513"}],"version-history":[{"count":4,"href":"https:\/\/www.sudoestehoje.com.br\/novoportal\/wp-json\/wp\/v2\/posts\/122513\/revisions"}],"predecessor-version":[{"id":122519,"href":"https:\/\/www.sudoestehoje.com.br\/novoportal\/wp-json\/wp\/v2\/posts\/122513\/revisions\/122519"}],"wp:featuredmedia":[{"embeddable":true,"href":"https:\/\/www.sudoestehoje.com.br\/novoportal\/wp-json\/wp\/v2\/media\/122517"}],"wp:attachment":[{"href":"https:\/\/www.sudoestehoje.com.br\/novoportal\/wp-json\/wp\/v2\/media?parent=122513"}],"wp:term":[{"taxonomy":"category","embeddable":true,"href":"https:\/\/www.sudoestehoje.com.br\/novoportal\/wp-json\/wp\/v2\/categories?post=122513"},{"taxonomy":"post_tag","embeddable":true,"href":"https:\/\/www.sudoestehoje.com.br\/novoportal\/wp-json\/wp\/v2\/tags?post=122513"}],"curies":[{"name":"wp","href":"https:\/\/api.w.org\/{rel}","templated":true}]}}