
{"id":122501,"date":"2025-07-03T17:10:21","date_gmt":"2025-07-03T20:10:21","guid":{"rendered":"https:\/\/www.sudoestehoje.com.br\/novoportal\/?p=122501"},"modified":"2025-07-03T17:15:00","modified_gmt":"2025-07-03T20:15:00","slug":"luto-itambe-morre-o-ex-prefeito-ivan-fernandes-causa-nao-foi-informada","status":"publish","type":"post","link":"https:\/\/www.sudoestehoje.com.br\/novoportal\/2025\/07\/03\/luto-itambe-morre-o-ex-prefeito-ivan-fernandes-causa-nao-foi-informada\/","title":{"rendered":"LUTO ITAMB\u00c9 | MORRE O EX-PREFEITO IVAN FERNANDES; CAUSA N\u00c3O FOI INFORMADA"},"content":{"rendered":"<p><img loading=\"lazy\" decoding=\"async\" class=\"alignnone size-full wp-image-122502\" src=\"https:\/\/www.sudoestehoje.com.br\/novoportal\/wp-content\/uploads\/2025\/07\/yvs8PAh.jpeg\" alt=\"\" width=\"750\" height=\"450\" \/><\/p>\n<p>A cidade de Itamb\u00e9 amanheceu de luto nesta quinta-feira (3) com a not\u00edcia do falecimento do ex-prefeito Ivan Fernandes, um dos nomes mais influentes da hist\u00f3ria pol\u00edtica do munic\u00edpio. Conhecido por sua lideran\u00e7a e compromisso com o desenvolvimento local, Fernandes deixou um legado marcante na regi\u00e3o.<\/p>\n<p>Segundo apurado pelo <em>Blog do Marcelo<\/em>, a causa da morte ainda n\u00e3o foi revelada oficialmente. Apesar da aus\u00eancia de informa\u00e7\u00f5es detalhadas, a not\u00edcia rapidamente se espalhou pela cidade, provocando uma onda de como\u00e7\u00e3o entre eleitores, correligion\u00e1rios, amigos e familiares do pol\u00edtico.<\/p>\n<p>Ivan Fernandes era reconhecido n\u00e3o apenas por suas gest\u00f5es \u00e0 frente da prefeitura, mas tamb\u00e9m por sua habilidade em unir diferentes grupos pol\u00edticos em prol do progresso de Itamb\u00e9. Suas contribui\u00e7\u00f5es para a infraestrutura, educa\u00e7\u00e3o e sa\u00fade p\u00fablica no munic\u00edpio s\u00e3o lembradas como marcos de sua trajet\u00f3ria.<\/p>\n<p>A Prefeitura de Itamb\u00e9 informou que divulgar\u00e1 uma nota oficial sobre o ocorrido nas pr\u00f3ximas horas. Enquanto isso, diversas manifesta\u00e7\u00f5es de pesar j\u00e1 come\u00e7aram a surgir nas redes sociais e em grupos de WhatsApp, com moradores destacando as qualidades do ex-prefeito e relembrando momentos marcantes de sua vida p\u00fablica e pessoal.<\/p>\n<p>O vel\u00f3rio e sepultamento ainda n\u00e3o t\u00eam data e local confirmados, mas a expectativa \u00e9 de que a despedida seja acompanhada por grande n\u00famero de pessoas, reflexo do impacto que Ivan Fernandes teve na hist\u00f3ria de Itamb\u00e9.<\/p>\n","protected":false},"excerpt":{"rendered":"<p>A cidade de Itamb\u00e9 amanheceu de luto nesta quinta-feira (3) com a not\u00edcia do falecimento do ex-prefeito Ivan Fernandes, um dos nomes mais influentes da hist\u00f3ria pol\u00edtica do munic\u00edpio. Conhecido por sua lideran\u00e7a e compromisso com o desenvolvimento local, Fernandes deixou um legado marcante na regi\u00e3o. Segundo apurado pelo Blog do Marcelo, a causa da [&hellip;]<\/p>\n","protected":false},"author":2,"featured_media":122502,"comment_status":"closed","ping_status":"open","sticky":false,"template":"","format":"standard","meta":{"footnotes":"","_links_to":"","_links_to_target":""},"categories":[1],"tags":[],"class_list":["post-122501","post","type-post","status-publish","format-standard","has-post-thumbnail","hentry","category-geral"],"views":1108,"_links":{"self":[{"href":"https:\/\/www.sudoestehoje.com.br\/novoportal\/wp-json\/wp\/v2\/posts\/122501","targetHints":{"allow":["GET"]}}],"collection":[{"href":"https:\/\/www.sudoestehoje.com.br\/novoportal\/wp-json\/wp\/v2\/posts"}],"about":[{"href":"https:\/\/www.sudoestehoje.com.br\/novoportal\/wp-json\/wp\/v2\/types\/post"}],"author":[{"embeddable":true,"href":"https:\/\/www.sudoestehoje.com.br\/novoportal\/wp-json\/wp\/v2\/users\/2"}],"replies":[{"embeddable":true,"href":"https:\/\/www.sudoestehoje.com.br\/novoportal\/wp-json\/wp\/v2\/comments?post=122501"}],"version-history":[{"count":3,"href":"https:\/\/www.sudoestehoje.com.br\/novoportal\/wp-json\/wp\/v2\/posts\/122501\/revisions"}],"predecessor-version":[{"id":122505,"href":"https:\/\/www.sudoestehoje.com.br\/novoportal\/wp-json\/wp\/v2\/posts\/122501\/revisions\/122505"}],"wp:featuredmedia":[{"embeddable":true,"href":"https:\/\/www.sudoestehoje.com.br\/novoportal\/wp-json\/wp\/v2\/media\/122502"}],"wp:attachment":[{"href":"https:\/\/www.sudoestehoje.com.br\/novoportal\/wp-json\/wp\/v2\/media?parent=122501"}],"wp:term":[{"taxonomy":"category","embeddable":true,"href":"https:\/\/www.sudoestehoje.com.br\/novoportal\/wp-json\/wp\/v2\/categories?post=122501"},{"taxonomy":"post_tag","embeddable":true,"href":"https:\/\/www.sudoestehoje.com.br\/novoportal\/wp-json\/wp\/v2\/tags?post=122501"}],"curies":[{"name":"wp","href":"https:\/\/api.w.org\/{rel}","templated":true}]}}