
{"id":122496,"date":"2025-07-03T10:43:23","date_gmt":"2025-07-03T13:43:23","guid":{"rendered":"https:\/\/www.sudoestehoje.com.br\/novoportal\/?p=122496"},"modified":"2025-07-03T10:43:23","modified_gmt":"2025-07-03T13:43:23","slug":"acm-neto-confirma-reaproximacao-com-joao-roma-com-vistas-a-2026","status":"publish","type":"post","link":"https:\/\/www.sudoestehoje.com.br\/novoportal\/2025\/07\/03\/acm-neto-confirma-reaproximacao-com-joao-roma-com-vistas-a-2026\/","title":{"rendered":"ACM NETO CONFIRMA REAPROXIMA\u00c7\u00c3O COM JO\u00c3O ROMA COM VISTAS A 2026"},"content":{"rendered":"<p><img loading=\"lazy\" decoding=\"async\" class=\"alignnone size-full wp-image-122497\" src=\"https:\/\/www.sudoestehoje.com.br\/novoportal\/wp-content\/uploads\/2025\/07\/neto.jpg.jpg\" alt=\"\" width=\"1086\" height=\"652\" \/><\/p>\n<p>L\u00edder da oposi\u00e7\u00e3o na Bahia, o ex-prefeito de Salvador ACM Neto (Uni\u00e3o) revelou a este\u00a0<strong>Pol\u00edtica Livre<\/strong>\u00a0que iniciou esta semana uma reaproxima\u00e7\u00e3o com o presidente do PL no Estado, o ex-ministro Jo\u00e3o Roma. \u201cN\u00f3s j\u00e1 abrimos o di\u00e1logo. J\u00e1 come\u00e7amos a conversar. Por acaso, come\u00e7amos a conversar esta semana\u201d, declarou Neto, ao ser questionado pelo site.<\/p>\n<p>\u201cAcho que h\u00e1 uma coisa em comum, que \u00e9 o desejo de um futuro melhor para a Bahia. N\u00e3o estamos, nesse momento, tratando de candidatura disso ou aquilo. O PL \u00e9 independente e pode ter o seu projeto. Mas \u00e9 importante que todas as pessoas que tenham disposi\u00e7\u00e3o de fazer oposi\u00e7\u00e3o PT possam dialogar\u201d, acrescentou o ex-prefeito.<\/p>\n<p>ACM Neto disse ainda que o di\u00e1logo com Jo\u00e3o Roma foi \u201ciniciado em bom n\u00edvel\u201d. \u201cEspero que a gente possa efetivamente manter e aprofundar essas conversar. Em Salvador, o apoio do PL \u00e0 reelei\u00e7\u00e3o do prefeito Bruno Reis (Uni\u00e3o) foi importante. Isso acho que foi o primeiro passo para que a gente pudesse estar conversando agora. Espero que evolua\u201d, pontuou.<\/p>\n","protected":false},"excerpt":{"rendered":"<p>L\u00edder da oposi\u00e7\u00e3o na Bahia, o ex-prefeito de Salvador ACM Neto (Uni\u00e3o) revelou a este\u00a0Pol\u00edtica Livre\u00a0que iniciou esta semana uma reaproxima\u00e7\u00e3o com o presidente do PL no Estado, o ex-ministro Jo\u00e3o Roma. \u201cN\u00f3s j\u00e1 abrimos o di\u00e1logo. J\u00e1 come\u00e7amos a conversar. Por acaso, come\u00e7amos a conversar esta semana\u201d, declarou Neto, ao ser questionado pelo site. [&hellip;]<\/p>\n","protected":false},"author":2,"featured_media":122497,"comment_status":"closed","ping_status":"open","sticky":false,"template":"","format":"standard","meta":{"footnotes":"","_links_to":"","_links_to_target":""},"categories":[1],"tags":[],"class_list":["post-122496","post","type-post","status-publish","format-standard","has-post-thumbnail","hentry","category-geral"],"views":787,"_links":{"self":[{"href":"https:\/\/www.sudoestehoje.com.br\/novoportal\/wp-json\/wp\/v2\/posts\/122496","targetHints":{"allow":["GET"]}}],"collection":[{"href":"https:\/\/www.sudoestehoje.com.br\/novoportal\/wp-json\/wp\/v2\/posts"}],"about":[{"href":"https:\/\/www.sudoestehoje.com.br\/novoportal\/wp-json\/wp\/v2\/types\/post"}],"author":[{"embeddable":true,"href":"https:\/\/www.sudoestehoje.com.br\/novoportal\/wp-json\/wp\/v2\/users\/2"}],"replies":[{"embeddable":true,"href":"https:\/\/www.sudoestehoje.com.br\/novoportal\/wp-json\/wp\/v2\/comments?post=122496"}],"version-history":[{"count":3,"href":"https:\/\/www.sudoestehoje.com.br\/novoportal\/wp-json\/wp\/v2\/posts\/122496\/revisions"}],"predecessor-version":[{"id":122500,"href":"https:\/\/www.sudoestehoje.com.br\/novoportal\/wp-json\/wp\/v2\/posts\/122496\/revisions\/122500"}],"wp:featuredmedia":[{"embeddable":true,"href":"https:\/\/www.sudoestehoje.com.br\/novoportal\/wp-json\/wp\/v2\/media\/122497"}],"wp:attachment":[{"href":"https:\/\/www.sudoestehoje.com.br\/novoportal\/wp-json\/wp\/v2\/media?parent=122496"}],"wp:term":[{"taxonomy":"category","embeddable":true,"href":"https:\/\/www.sudoestehoje.com.br\/novoportal\/wp-json\/wp\/v2\/categories?post=122496"},{"taxonomy":"post_tag","embeddable":true,"href":"https:\/\/www.sudoestehoje.com.br\/novoportal\/wp-json\/wp\/v2\/tags?post=122496"}],"curies":[{"name":"wp","href":"https:\/\/api.w.org\/{rel}","templated":true}]}}