
{"id":122493,"date":"2025-07-03T10:01:26","date_gmt":"2025-07-03T13:01:26","guid":{"rendered":"https:\/\/www.sudoestehoje.com.br\/novoportal\/?p=122493"},"modified":"2025-07-03T10:14:48","modified_gmt":"2025-07-03T13:14:48","slug":"eleicoes-bahia-rui-costa-confirma-pre-candidatura-ao-senado-em-2026","status":"publish","type":"post","link":"https:\/\/www.sudoestehoje.com.br\/novoportal\/2025\/07\/03\/eleicoes-bahia-rui-costa-confirma-pre-candidatura-ao-senado-em-2026\/","title":{"rendered":"ELEI\u00c7\u00d5ES BAHIA | RUI COSTA CONFIRMA PR\u00c9-CANDIDATURA AO SENADO EM 2026"},"content":{"rendered":"<p><img loading=\"lazy\" decoding=\"async\" class=\"alignnone size-full wp-image-122494\" src=\"https:\/\/www.sudoestehoje.com.br\/novoportal\/wp-content\/uploads\/2025\/07\/images-1.jpg\" alt=\"\" width=\"643\" height=\"477\" \/><\/p>\n<p>Durante sua participa\u00e7\u00e3o no cortejo c\u00edvico em comemora\u00e7\u00e3o ao 2 de Julho, em Salvador, o ministro da Casa Civil, Rui Costa (PT), anunciou que pretende disputar uma vaga no Senado Federal nas elei\u00e7\u00f5es de 2026.<\/p>\n<p>A declara\u00e7\u00e3o foi feita diante de apoiadores e lideran\u00e7as pol\u00edticas, confirmando que deve compor a chapa majorit\u00e1ria do grupo governista, que ter\u00e1 o atual governador Jer\u00f4nimo Rodrigues (PT) como candidato \u00e0 reelei\u00e7\u00e3o.<\/p>\n<p>Rui evitou entrar em pol\u00eamicas sobre as cr\u00edticas da oposi\u00e7\u00e3o \u00e0 forma\u00e7\u00e3o da chapa, mas destacou que o grupo ter\u00e1 nomes fortes, como o senador Jaques Wagner, que tamb\u00e9m dever\u00e1 concorrer \u00e0 reelei\u00e7\u00e3o. Segundo o ministro, o time ser\u00e1 inteiramente ligado ao PT. \u201cN\u00e3o comento declara\u00e7\u00f5es deles, n\u00e3o. Eles que organizem a chapa deles, a gente organiza a nossa\u201d, disparou.<\/p>\n","protected":false},"excerpt":{"rendered":"<p>Durante sua participa\u00e7\u00e3o no cortejo c\u00edvico em comemora\u00e7\u00e3o ao 2 de Julho, em Salvador, o ministro da Casa Civil, Rui Costa (PT), anunciou que pretende disputar uma vaga no Senado Federal nas elei\u00e7\u00f5es de 2026. A declara\u00e7\u00e3o foi feita diante de apoiadores e lideran\u00e7as pol\u00edticas, confirmando que deve compor a chapa majorit\u00e1ria do grupo governista, [&hellip;]<\/p>\n","protected":false},"author":2,"featured_media":122494,"comment_status":"closed","ping_status":"open","sticky":false,"template":"","format":"standard","meta":{"footnotes":"","_links_to":"","_links_to_target":""},"categories":[1],"tags":[],"class_list":["post-122493","post","type-post","status-publish","format-standard","has-post-thumbnail","hentry","category-geral"],"views":913,"_links":{"self":[{"href":"https:\/\/www.sudoestehoje.com.br\/novoportal\/wp-json\/wp\/v2\/posts\/122493","targetHints":{"allow":["GET"]}}],"collection":[{"href":"https:\/\/www.sudoestehoje.com.br\/novoportal\/wp-json\/wp\/v2\/posts"}],"about":[{"href":"https:\/\/www.sudoestehoje.com.br\/novoportal\/wp-json\/wp\/v2\/types\/post"}],"author":[{"embeddable":true,"href":"https:\/\/www.sudoestehoje.com.br\/novoportal\/wp-json\/wp\/v2\/users\/2"}],"replies":[{"embeddable":true,"href":"https:\/\/www.sudoestehoje.com.br\/novoportal\/wp-json\/wp\/v2\/comments?post=122493"}],"version-history":[{"count":1,"href":"https:\/\/www.sudoestehoje.com.br\/novoportal\/wp-json\/wp\/v2\/posts\/122493\/revisions"}],"predecessor-version":[{"id":122495,"href":"https:\/\/www.sudoestehoje.com.br\/novoportal\/wp-json\/wp\/v2\/posts\/122493\/revisions\/122495"}],"wp:featuredmedia":[{"embeddable":true,"href":"https:\/\/www.sudoestehoje.com.br\/novoportal\/wp-json\/wp\/v2\/media\/122494"}],"wp:attachment":[{"href":"https:\/\/www.sudoestehoje.com.br\/novoportal\/wp-json\/wp\/v2\/media?parent=122493"}],"wp:term":[{"taxonomy":"category","embeddable":true,"href":"https:\/\/www.sudoestehoje.com.br\/novoportal\/wp-json\/wp\/v2\/categories?post=122493"},{"taxonomy":"post_tag","embeddable":true,"href":"https:\/\/www.sudoestehoje.com.br\/novoportal\/wp-json\/wp\/v2\/tags?post=122493"}],"curies":[{"name":"wp","href":"https:\/\/api.w.org\/{rel}","templated":true}]}}