
{"id":122485,"date":"2025-07-03T09:21:07","date_gmt":"2025-07-03T12:21:07","guid":{"rendered":"https:\/\/www.sudoestehoje.com.br\/novoportal\/?p=122485"},"modified":"2025-07-03T09:21:07","modified_gmt":"2025-07-03T12:21:07","slug":"cartorios-devem-fechar-as-portas-em-224-cidades-apos-projeto-de-lei-do-governo-do-estado","status":"publish","type":"post","link":"https:\/\/www.sudoestehoje.com.br\/novoportal\/2025\/07\/03\/cartorios-devem-fechar-as-portas-em-224-cidades-apos-projeto-de-lei-do-governo-do-estado\/","title":{"rendered":"CART\u00d3RIOS DEVEM FECHAR AS PORTAS EM 224 CIDADES AP\u00d3S PROJETO DE LEI DO GOVERNO DO ESTADO"},"content":{"rendered":"<p><img loading=\"lazy\" decoding=\"async\" class=\"alignnone size-full wp-image-122486\" src=\"https:\/\/www.sudoestehoje.com.br\/novoportal\/wp-content\/uploads\/2025\/07\/Cartorios-devem-fechar-as-portas-em-224-cidades-apos-projeto-598x413-1.jpg\" alt=\"\" width=\"598\" height=\"413\" \/><\/p>\n<p>De certid\u00e3o de nascimento at\u00e9 registros de im\u00f3veis, os cart\u00f3rios s\u00e3o respons\u00e1veis por atos do cotidiano de milhares de baianos todos os dias.<\/p>\n<p>Apesar de realizarem servi\u00e7os essenciais, mais de 60% dos cart\u00f3rios na Bahia s\u00e3o deficit\u00e1rios e precisam de repasses do Fundo Especial de Compensa\u00e7\u00e3o da Bahia (Fecom) para manter suas atividades.<\/p>\n<p>Agora, um projeto de lei do governo do estado, j\u00e1 aprovado pelos deputados, coloca em risco o funcionamento de cart\u00f3rios em 224 cidades.<\/p>\n<p><span style=\"color: #0000ff;\"><strong><a style=\"color: #0000ff;\" href=\"https:\/\/www.correio24horas.com.br\/minha-bahia\/cartorios-devem-fechar-as-portas-224-cidades-apos-projeto-de-lei-do-governo-do-estado-0725#:~:text=Seis%20cart%C3%B3rios%20de%20Salvador%20podem%20encerrar%20suas%20atividades&amp;text=Agora%2C%20um%20projeto%20de%20lei,de%20cart%C3%B3rios%20em%20224%20cidades.&amp;text=Por%20lei%2C%2012%2C2%25,destinada%20ao%20Fundo%20de%20Compensa%C3%A7%C3%A3o.\">CONFIRA MAT\u00c9RIA COMPLETA NO CORREIO\u00a0<\/a><\/strong><\/span><\/p>\n","protected":false},"excerpt":{"rendered":"<p>De certid\u00e3o de nascimento at\u00e9 registros de im\u00f3veis, os cart\u00f3rios s\u00e3o respons\u00e1veis por atos do cotidiano de milhares de baianos todos os dias. Apesar de realizarem servi\u00e7os essenciais, mais de 60% dos cart\u00f3rios na Bahia s\u00e3o deficit\u00e1rios e precisam de repasses do Fundo Especial de Compensa\u00e7\u00e3o da Bahia (Fecom) para manter suas atividades. Agora, um [&hellip;]<\/p>\n","protected":false},"author":2,"featured_media":122486,"comment_status":"closed","ping_status":"open","sticky":false,"template":"","format":"standard","meta":{"footnotes":"","_links_to":"","_links_to_target":""},"categories":[1],"tags":[],"class_list":["post-122485","post","type-post","status-publish","format-standard","has-post-thumbnail","hentry","category-geral"],"views":1117,"_links":{"self":[{"href":"https:\/\/www.sudoestehoje.com.br\/novoportal\/wp-json\/wp\/v2\/posts\/122485","targetHints":{"allow":["GET"]}}],"collection":[{"href":"https:\/\/www.sudoestehoje.com.br\/novoportal\/wp-json\/wp\/v2\/posts"}],"about":[{"href":"https:\/\/www.sudoestehoje.com.br\/novoportal\/wp-json\/wp\/v2\/types\/post"}],"author":[{"embeddable":true,"href":"https:\/\/www.sudoestehoje.com.br\/novoportal\/wp-json\/wp\/v2\/users\/2"}],"replies":[{"embeddable":true,"href":"https:\/\/www.sudoestehoje.com.br\/novoportal\/wp-json\/wp\/v2\/comments?post=122485"}],"version-history":[{"count":1,"href":"https:\/\/www.sudoestehoje.com.br\/novoportal\/wp-json\/wp\/v2\/posts\/122485\/revisions"}],"predecessor-version":[{"id":122487,"href":"https:\/\/www.sudoestehoje.com.br\/novoportal\/wp-json\/wp\/v2\/posts\/122485\/revisions\/122487"}],"wp:featuredmedia":[{"embeddable":true,"href":"https:\/\/www.sudoestehoje.com.br\/novoportal\/wp-json\/wp\/v2\/media\/122486"}],"wp:attachment":[{"href":"https:\/\/www.sudoestehoje.com.br\/novoportal\/wp-json\/wp\/v2\/media?parent=122485"}],"wp:term":[{"taxonomy":"category","embeddable":true,"href":"https:\/\/www.sudoestehoje.com.br\/novoportal\/wp-json\/wp\/v2\/categories?post=122485"},{"taxonomy":"post_tag","embeddable":true,"href":"https:\/\/www.sudoestehoje.com.br\/novoportal\/wp-json\/wp\/v2\/tags?post=122485"}],"curies":[{"name":"wp","href":"https:\/\/api.w.org\/{rel}","templated":true}]}}