
{"id":122479,"date":"2025-07-03T08:50:47","date_gmt":"2025-07-03T11:50:47","guid":{"rendered":"https:\/\/www.sudoestehoje.com.br\/novoportal\/?p=122479"},"modified":"2025-07-03T08:50:47","modified_gmt":"2025-07-03T11:50:47","slug":"bolsonaro-e-diagnosticado-com-inflamacao-no-esofago-e-tera-tratamento-intensificado","status":"publish","type":"post","link":"https:\/\/www.sudoestehoje.com.br\/novoportal\/2025\/07\/03\/bolsonaro-e-diagnosticado-com-inflamacao-no-esofago-e-tera-tratamento-intensificado\/","title":{"rendered":"BOLSONARO \u00c9 DIAGNOSTICADO COM INFLAMA\u00c7\u00c3O NO ES\u00d4FAGO E TER\u00c1 TRATAMENTO INTENSIFICADO"},"content":{"rendered":"<p><img loading=\"lazy\" decoding=\"async\" class=\"alignnone size-full wp-image-122481\" src=\"https:\/\/www.sudoestehoje.com.br\/novoportal\/wp-content\/uploads\/2025\/07\/Bolsonaro-boletim-medico.jpg\" alt=\"\" width=\"600\" height=\"420\" \/><\/p>\n<p>O ex-presidente Jair Bolsonaro (PL) foi diagnosticado com uma inflama\u00e7\u00e3o no es\u00f4fago ap\u00f3s realizar uma endoscopia, informou nesta quarta-feira (2) o Hospital DF Star, em Bras\u00edlia. Segundo o boletim m\u00e9dico, o exame apontou um quadro de \u201cintensa esofagite com processo inflamat\u00f3rio, eros\u00f5es da mucosa esof\u00e1gica e gastrite moderada\u201d.<\/p>\n<p>Diante do resultado, a equipe m\u00e9dica informou que o tratamento com medicamentos ser\u00e1 intensificado. O ex-presidente tamb\u00e9m dever\u00e1 manter uma dieta controlada, repouso e limitar o uso da voz. O diagn\u00f3stico ocorre ap\u00f3s Bolsonaro apresentar sintomas persistentes como solu\u00e7os e v\u00f4mitos desde o fim de junho, al\u00e9m de um poss\u00edvel quadro de pneumonia viral identificado no dia 21.<\/p>\n<p>Apesar do estado de sa\u00fade, Bolsonaro manteve a agenda p\u00fablica nos \u00faltimos dias. Na quinta-feira (26), participou de um evento em Belo Horizonte (MG) ao lado de aliados como os deputados Nikolas Ferreira (PL-MG) e Bruno Engler (PL-MG), e o senador Cleitinho (Republicanos-MG). J\u00e1 no domingo (29), esteve na Avenida Paulista, em S\u00e3o Paulo, durante o ato \u201cJusti\u00e7a J\u00e1\u201d.<\/p>\n<div>\n<div class=\"trv-player-container\">\n<div class=\"trv-wrapper\">\n<div id=\"br_video_player_09820cae9d5ca6b4434030c27025629dc3c659f9\" class=\"trvd_video_player trvdfloater trv-right\">\n<div class=\"trv-autoskip-container\">\n<div class=\"trv-autoskip-background\">\n<div class=\"trv-autoskip-line-top\">\n<div>Na ter\u00e7a-feira (1\u00ba), o senador Fl\u00e1vio Bolsonaro (PL-RJ) publicou um comunicado assinado pelo pai, informando a suspens\u00e3o de todas as agendas do ex-presidente no m\u00eas de julho, por recomenda\u00e7\u00e3o m\u00e9dica.<\/div>\n<\/div>\n<\/div>\n<\/div>\n<\/div>\n<\/div>\n<\/div>\n<\/div>\n<p>Desde o atentado sofrido durante a campanha de 2018, Bolsonaro passou por seis cirurgias. A \u00faltima foi uma laparotomia exploradora para tratar uma obstru\u00e7\u00e3o intestinal, ap\u00f3s um mal s\u00fabito em compromissos no interior do Rio Grande do Norte.<\/p>\n","protected":false},"excerpt":{"rendered":"<p>O ex-presidente Jair Bolsonaro (PL) foi diagnosticado com uma inflama\u00e7\u00e3o no es\u00f4fago ap\u00f3s realizar uma endoscopia, informou nesta quarta-feira (2) o Hospital DF Star, em Bras\u00edlia. Segundo o boletim m\u00e9dico, o exame apontou um quadro de \u201cintensa esofagite com processo inflamat\u00f3rio, eros\u00f5es da mucosa esof\u00e1gica e gastrite moderada\u201d. Diante do resultado, a equipe m\u00e9dica informou [&hellip;]<\/p>\n","protected":false},"author":2,"featured_media":122481,"comment_status":"closed","ping_status":"open","sticky":false,"template":"","format":"standard","meta":{"footnotes":"","_links_to":"","_links_to_target":""},"categories":[1],"tags":[],"class_list":["post-122479","post","type-post","status-publish","format-standard","has-post-thumbnail","hentry","category-geral"],"views":930,"_links":{"self":[{"href":"https:\/\/www.sudoestehoje.com.br\/novoportal\/wp-json\/wp\/v2\/posts\/122479","targetHints":{"allow":["GET"]}}],"collection":[{"href":"https:\/\/www.sudoestehoje.com.br\/novoportal\/wp-json\/wp\/v2\/posts"}],"about":[{"href":"https:\/\/www.sudoestehoje.com.br\/novoportal\/wp-json\/wp\/v2\/types\/post"}],"author":[{"embeddable":true,"href":"https:\/\/www.sudoestehoje.com.br\/novoportal\/wp-json\/wp\/v2\/users\/2"}],"replies":[{"embeddable":true,"href":"https:\/\/www.sudoestehoje.com.br\/novoportal\/wp-json\/wp\/v2\/comments?post=122479"}],"version-history":[{"count":2,"href":"https:\/\/www.sudoestehoje.com.br\/novoportal\/wp-json\/wp\/v2\/posts\/122479\/revisions"}],"predecessor-version":[{"id":122482,"href":"https:\/\/www.sudoestehoje.com.br\/novoportal\/wp-json\/wp\/v2\/posts\/122479\/revisions\/122482"}],"wp:featuredmedia":[{"embeddable":true,"href":"https:\/\/www.sudoestehoje.com.br\/novoportal\/wp-json\/wp\/v2\/media\/122481"}],"wp:attachment":[{"href":"https:\/\/www.sudoestehoje.com.br\/novoportal\/wp-json\/wp\/v2\/media?parent=122479"}],"wp:term":[{"taxonomy":"category","embeddable":true,"href":"https:\/\/www.sudoestehoje.com.br\/novoportal\/wp-json\/wp\/v2\/categories?post=122479"},{"taxonomy":"post_tag","embeddable":true,"href":"https:\/\/www.sudoestehoje.com.br\/novoportal\/wp-json\/wp\/v2\/tags?post=122479"}],"curies":[{"name":"wp","href":"https:\/\/api.w.org\/{rel}","templated":true}]}}