
{"id":12246,"date":"2012-01-19T09:48:52","date_gmt":"2012-01-19T12:48:52","guid":{"rendered":"http:\/\/www.sudoestehoje.com.br\/novoportal\/?p=12246"},"modified":"2012-01-19T09:48:52","modified_gmt":"2012-01-19T12:48:52","slug":"azaleia-e-trabalhadores-se-reunem-nesta-sexta","status":"publish","type":"post","link":"https:\/\/www.sudoestehoje.com.br\/novoportal\/2012\/01\/19\/azaleia-e-trabalhadores-se-reunem-nesta-sexta\/","title":{"rendered":"AZAL\u00c9IA E TRABALHADORES SE RE\u00daNEM NESTA SEXTA"},"content":{"rendered":"<p style=\"text-align: center;\"><img decoding=\"async\" class=\"aligncenter\" src=\"http:\/\/farm8.staticflickr.com\/7035\/6587149571_61096d6de0.jpg\" alt=\"\" width=\"400\" \/><\/p>\n<p style=\"text-align: center;\"><em><strong>1.800 demitidos da Azal\u00e9ia ainda aguardam uma solu\u00e7\u00e3o<\/strong><\/em><\/p>\n<p>ITAPETINGA: A Ger\u00eancia Regional do Trabalho e Emprego de Vit\u00f3ria da Conquista realizar\u00e1 o primeiro encontro de concilia\u00e7\u00e3o entre diretores da Vulcabras\/Azaleia e o sindicato dos trabalhadores, nesta sexta-feira (20), \u00e0s 8h30, de acordo com a coluna Tempo Presente, do jornal A Tarde. Depois que a empresa anunciou que 1.800 funcion\u00e1rios perderiam o emprego devido ao fechamento de seis f\u00e1bricas na Bahia, uma liminar conseguida pelo Minist\u00e9rio P\u00fablico do Trabalho determinou que fosse suspensa a demiss\u00e3o, mas foi derrubada pela Azal\u00e9ia. A situa\u00e7\u00e3o permanece tensa entre as partes.<\/p>\n","protected":false},"excerpt":{"rendered":"<p>1.800 demitidos da Azal\u00e9ia ainda aguardam uma solu\u00e7\u00e3o ITAPETINGA: A Ger\u00eancia Regional do Trabalho e Emprego de Vit\u00f3ria da Conquista realizar\u00e1 o primeiro encontro de concilia\u00e7\u00e3o entre diretores da Vulcabras\/Azaleia e o sindicato dos trabalhadores, nesta sexta-feira (20), \u00e0s 8h30, de acordo com a coluna Tempo Presente, do jornal A Tarde. Depois que a empresa [&hellip;]<\/p>\n","protected":false},"author":2,"featured_media":0,"comment_status":"open","ping_status":"open","sticky":false,"template":"","format":"standard","meta":{"footnotes":"","_links_to":"","_links_to_target":""},"categories":[1],"tags":[],"class_list":["post-12246","post","type-post","status-publish","format-standard","hentry","category-geral"],"views":1416,"_links":{"self":[{"href":"https:\/\/www.sudoestehoje.com.br\/novoportal\/wp-json\/wp\/v2\/posts\/12246","targetHints":{"allow":["GET"]}}],"collection":[{"href":"https:\/\/www.sudoestehoje.com.br\/novoportal\/wp-json\/wp\/v2\/posts"}],"about":[{"href":"https:\/\/www.sudoestehoje.com.br\/novoportal\/wp-json\/wp\/v2\/types\/post"}],"author":[{"embeddable":true,"href":"https:\/\/www.sudoestehoje.com.br\/novoportal\/wp-json\/wp\/v2\/users\/2"}],"replies":[{"embeddable":true,"href":"https:\/\/www.sudoestehoje.com.br\/novoportal\/wp-json\/wp\/v2\/comments?post=12246"}],"version-history":[{"count":8,"href":"https:\/\/www.sudoestehoje.com.br\/novoportal\/wp-json\/wp\/v2\/posts\/12246\/revisions"}],"predecessor-version":[{"id":12254,"href":"https:\/\/www.sudoestehoje.com.br\/novoportal\/wp-json\/wp\/v2\/posts\/12246\/revisions\/12254"}],"wp:attachment":[{"href":"https:\/\/www.sudoestehoje.com.br\/novoportal\/wp-json\/wp\/v2\/media?parent=12246"}],"wp:term":[{"taxonomy":"category","embeddable":true,"href":"https:\/\/www.sudoestehoje.com.br\/novoportal\/wp-json\/wp\/v2\/categories?post=12246"},{"taxonomy":"post_tag","embeddable":true,"href":"https:\/\/www.sudoestehoje.com.br\/novoportal\/wp-json\/wp\/v2\/tags?post=12246"}],"curies":[{"name":"wp","href":"https:\/\/api.w.org\/{rel}","templated":true}]}}