
{"id":122456,"date":"2025-07-02T11:16:31","date_gmt":"2025-07-02T14:16:31","guid":{"rendered":"https:\/\/www.sudoestehoje.com.br\/novoportal\/?p=122456"},"modified":"2025-07-02T11:32:34","modified_gmt":"2025-07-02T14:32:34","slug":"regiao-caatiba-celebrou-sao-joao-com-festa-tradicional-e-grande-publico-na-praca-cleriston-andrade","status":"publish","type":"post","link":"https:\/\/www.sudoestehoje.com.br\/novoportal\/2025\/07\/02\/regiao-caatiba-celebrou-sao-joao-com-festa-tradicional-e-grande-publico-na-praca-cleriston-andrade\/","title":{"rendered":"REGI\u00c3O | CAATIBA CELEBROU S\u00c3O JO\u00c3O COM FESTA TRADICIONAL E GRANDE P\u00daBLICO NA PRA\u00c7A CL\u00c9RISTON ANDRADE"},"content":{"rendered":"<p><img loading=\"lazy\" decoding=\"async\" class=\"alignnone size-full wp-image-122477\" src=\"https:\/\/www.sudoestehoje.com.br\/novoportal\/wp-content\/uploads\/2025\/07\/Imagem-do-WhatsApp-de-2025-07-02-as-11.29.41_8701f045.jpg\" alt=\"\" width=\"542\" height=\"397\" \/><\/p>\n<p>De 20 a 22 de junho, o munic\u00edpio de Caatiba viveu intensamente o esp\u00edrito junino, com tr\u00eas dias de festa que resgataram a tradi\u00e7\u00e3o nordestina e encantaram moradores e visitantes. A Pra\u00e7a Cl\u00e9riston Andrade foi o ponto de encontro para quem buscava anima\u00e7\u00e3o, cultura e boa m\u00fasica.<\/p>\n<p>O S\u00e3o Jo\u00e3o de Caatiba, j\u00e1 consolidado como um dos eventos mais aguardados da regi\u00e3o, contou com uma programa\u00e7\u00e3o diversificada que agradou a p\u00fablicos de todas as idades. Ritmos variados tomaram conta do palco, desde o forr\u00f3 tradicional at\u00e9 atra\u00e7\u00f5es de renome nacional, garantindo noites animadas e pista cheia durante todo o circuito da festa.<\/p>\n<p>Visitantes de cidades vizinhas marcaram presen\u00e7a em peso, contribuindo para o clima de celebra\u00e7\u00e3o e movimentando a economia local. A cidade registrou um n\u00famero expressivo de turistas, o que tamb\u00e9m foi notado pelo com\u00e9rcio e setor de servi\u00e7os.<\/p>\n<p><img loading=\"lazy\" decoding=\"async\" class=\"alignnone size-full wp-image-122458\" src=\"https:\/\/www.sudoestehoje.com.br\/novoportal\/wp-content\/uploads\/2025\/07\/Imagem-do-WhatsApp-de-2025-06-27-as-13.48.03_243e6108.jpg\" alt=\"\" width=\"2902\" height=\"2085\" \/><\/p>\n<p>O prefeito Dr. Humberto Antunes destacou o empenho da gest\u00e3o municipal em proporcionar um evento de qualidade para a popula\u00e7\u00e3o. &#8220;Nos dedicamos com muito carinho e responsabilidade para oferecer uma festa segura, organizada e que honre a tradi\u00e7\u00e3o do nosso povo. \u00c9 gratificante ver a pra\u00e7a cheia, fam\u00edlias reunidas e a alegria tomando conta da cidade. Isso mostra que o trabalho valeu a pena&#8221;, afirmou o prefeito.<\/p>\n<p>Al\u00e9m do aspecto cultural, o S\u00e3o Jo\u00e3o de Caatiba tamb\u00e9m se firmou como um importante motor de valoriza\u00e7\u00e3o das tradi\u00e7\u00f5es e de incentivo \u00e0 economia local.<\/p>\n<p>O sucesso do evento refor\u00e7a o compromisso da administra\u00e7\u00e3o municipal em manter vivas as ra\u00edzes juninas, promovendo lazer, cultura e integra\u00e7\u00e3o social para todos os caatibenses e visitantes. \/\/ASCOM Prefeitura de Caatiba<\/p>\n\n\t\t<style type=\"text\/css\">\n\t\t\t#gallery-1 {\n\t\t\t\tmargin: auto;\n\t\t\t}\n\t\t\t#gallery-1 .gallery-item {\n\t\t\t\tfloat: left;\n\t\t\t\tmargin-top: 10px;\n\t\t\t\ttext-align: center;\n\t\t\t\twidth: 33%;\n\t\t\t}\n\t\t\t#gallery-1 img {\n\t\t\t\tborder: 2px solid #cfcfcf;\n\t\t\t}\n\t\t\t#gallery-1 .gallery-caption {\n\t\t\t\tmargin-left: 0;\n\t\t\t}\n\t\t\t\/* see gallery_shortcode() in wp-includes\/media.php *\/\n\t\t<\/style>\n\t\t<div id='gallery-1' class='gallery galleryid-122456 gallery-columns-3 gallery-size-thumbnail'><dl class='gallery-item'>\n\t\t\t<dt class='gallery-icon portrait'>\n\t\t\t\t<a href='https:\/\/www.sudoestehoje.com.br\/novoportal\/2025\/07\/02\/regiao-caatiba-celebrou-sao-joao-com-festa-tradicional-e-grande-publico-na-praca-cleriston-andrade\/imagem-do-whatsapp-de-2025-06-27-as-13-48-02_92d3e680\/'><img loading=\"lazy\" decoding=\"async\" width=\"113\" height=\"150\" src=\"https:\/\/www.sudoestehoje.com.br\/novoportal\/wp-content\/uploads\/2025\/07\/Imagem-do-WhatsApp-de-2025-06-27-as-13.48.02_92d3e680.jpg\" class=\"attachment-thumbnail size-thumbnail\" alt=\"\" \/><\/a>\n\t\t\t<\/dt><\/dl><dl class='gallery-item'>\n\t\t\t<dt class='gallery-icon portrait'>\n\t\t\t\t<a href='https:\/\/www.sudoestehoje.com.br\/novoportal\/2025\/07\/02\/regiao-caatiba-celebrou-sao-joao-com-festa-tradicional-e-grande-publico-na-praca-cleriston-andrade\/imagem-do-whatsapp-de-2025-06-27-as-13-48-02_78e95f67\/'><img loading=\"lazy\" decoding=\"async\" width=\"100\" height=\"150\" src=\"https:\/\/www.sudoestehoje.com.br\/novoportal\/wp-content\/uploads\/2025\/07\/Imagem-do-WhatsApp-de-2025-06-27-as-13.48.02_78e95f67.jpg\" class=\"attachment-thumbnail size-thumbnail\" alt=\"\" \/><\/a>\n\t\t\t<\/dt><\/dl><dl class='gallery-item'>\n\t\t\t<dt class='gallery-icon portrait'>\n\t\t\t\t<a href='https:\/\/www.sudoestehoje.com.br\/novoportal\/2025\/07\/02\/regiao-caatiba-celebrou-sao-joao-com-festa-tradicional-e-grande-publico-na-praca-cleriston-andrade\/imagem-do-whatsapp-de-2025-06-27-as-13-48-02_3e42be80\/'><img loading=\"lazy\" decoding=\"async\" width=\"100\" height=\"150\" src=\"https:\/\/www.sudoestehoje.com.br\/novoportal\/wp-content\/uploads\/2025\/07\/Imagem-do-WhatsApp-de-2025-06-27-as-13.48.02_3e42be80.jpg\" class=\"attachment-thumbnail size-thumbnail\" alt=\"\" \/><\/a>\n\t\t\t<\/dt><\/dl><br style=\"clear: both\" \/><dl class='gallery-item'>\n\t\t\t<dt class='gallery-icon portrait'>\n\t\t\t\t<a href='https:\/\/www.sudoestehoje.com.br\/novoportal\/2025\/07\/02\/regiao-caatiba-celebrou-sao-joao-com-festa-tradicional-e-grande-publico-na-praca-cleriston-andrade\/imagem-do-whatsapp-de-2025-06-27-as-13-48-00_59a9bbac\/'><img loading=\"lazy\" decoding=\"async\" width=\"100\" height=\"150\" src=\"https:\/\/www.sudoestehoje.com.br\/novoportal\/wp-content\/uploads\/2025\/07\/Imagem-do-WhatsApp-de-2025-06-27-as-13.48.00_59a9bbac.jpg\" class=\"attachment-thumbnail size-thumbnail\" alt=\"\" \/><\/a>\n\t\t\t<\/dt><\/dl><dl class='gallery-item'>\n\t\t\t<dt class='gallery-icon portrait'>\n\t\t\t\t<a href='https:\/\/www.sudoestehoje.com.br\/novoportal\/2025\/07\/02\/regiao-caatiba-celebrou-sao-joao-com-festa-tradicional-e-grande-publico-na-praca-cleriston-andrade\/imagem-do-whatsapp-de-2025-06-27-as-13-48-01_2e771eca\/'><img loading=\"lazy\" decoding=\"async\" width=\"97\" height=\"150\" src=\"https:\/\/www.sudoestehoje.com.br\/novoportal\/wp-content\/uploads\/2025\/07\/Imagem-do-WhatsApp-de-2025-06-27-as-13.48.01_2e771eca.jpg\" class=\"attachment-thumbnail size-thumbnail\" alt=\"\" \/><\/a>\n\t\t\t<\/dt><\/dl><dl class='gallery-item'>\n\t\t\t<dt class='gallery-icon landscape'>\n\t\t\t\t<a href='https:\/\/www.sudoestehoje.com.br\/novoportal\/2025\/07\/02\/regiao-caatiba-celebrou-sao-joao-com-festa-tradicional-e-grande-publico-na-praca-cleriston-andrade\/imagem-do-whatsapp-de-2025-06-27-as-13-48-01_67657af2\/'><img loading=\"lazy\" decoding=\"async\" width=\"150\" height=\"100\" src=\"https:\/\/www.sudoestehoje.com.br\/novoportal\/wp-content\/uploads\/2025\/07\/Imagem-do-WhatsApp-de-2025-06-27-as-13.48.01_67657af2.jpg\" class=\"attachment-thumbnail size-thumbnail\" alt=\"\" \/><\/a>\n\t\t\t<\/dt><\/dl><br style=\"clear: both\" \/><dl class='gallery-item'>\n\t\t\t<dt class='gallery-icon portrait'>\n\t\t\t\t<a href='https:\/\/www.sudoestehoje.com.br\/novoportal\/2025\/07\/02\/regiao-caatiba-celebrou-sao-joao-com-festa-tradicional-e-grande-publico-na-praca-cleriston-andrade\/imagem-do-whatsapp-de-2025-06-27-as-13-48-02_3e42be80-2\/'><img loading=\"lazy\" decoding=\"async\" width=\"100\" height=\"150\" src=\"https:\/\/www.sudoestehoje.com.br\/novoportal\/wp-content\/uploads\/2025\/07\/Imagem-do-WhatsApp-de-2025-06-27-as-13.48.02_3e42be80-1.jpg\" class=\"attachment-thumbnail size-thumbnail\" alt=\"\" \/><\/a>\n\t\t\t<\/dt><\/dl><dl class='gallery-item'>\n\t\t\t<dt class='gallery-icon portrait'>\n\t\t\t\t<a href='https:\/\/www.sudoestehoje.com.br\/novoportal\/2025\/07\/02\/regiao-caatiba-celebrou-sao-joao-com-festa-tradicional-e-grande-publico-na-praca-cleriston-andrade\/imagem-do-whatsapp-de-2025-06-27-as-13-48-02_78e95f67-2\/'><img loading=\"lazy\" decoding=\"async\" width=\"100\" height=\"150\" src=\"https:\/\/www.sudoestehoje.com.br\/novoportal\/wp-content\/uploads\/2025\/07\/Imagem-do-WhatsApp-de-2025-06-27-as-13.48.02_78e95f67-1.jpg\" class=\"attachment-thumbnail size-thumbnail\" alt=\"\" \/><\/a>\n\t\t\t<\/dt><\/dl><dl class='gallery-item'>\n\t\t\t<dt class='gallery-icon portrait'>\n\t\t\t\t<a href='https:\/\/www.sudoestehoje.com.br\/novoportal\/2025\/07\/02\/regiao-caatiba-celebrou-sao-joao-com-festa-tradicional-e-grande-publico-na-praca-cleriston-andrade\/imagem-do-whatsapp-de-2025-06-27-as-13-48-02_92d3e680-2\/'><img loading=\"lazy\" decoding=\"async\" width=\"113\" height=\"150\" src=\"https:\/\/www.sudoestehoje.com.br\/novoportal\/wp-content\/uploads\/2025\/07\/Imagem-do-WhatsApp-de-2025-06-27-as-13.48.02_92d3e680-1.jpg\" class=\"attachment-thumbnail size-thumbnail\" alt=\"\" \/><\/a>\n\t\t\t<\/dt><\/dl><br style=\"clear: both\" \/><dl class='gallery-item'>\n\t\t\t<dt class='gallery-icon landscape'>\n\t\t\t\t<a href='https:\/\/www.sudoestehoje.com.br\/novoportal\/2025\/07\/02\/regiao-caatiba-celebrou-sao-joao-com-festa-tradicional-e-grande-publico-na-praca-cleriston-andrade\/imagem-do-whatsapp-de-2025-06-27-as-13-48-02_7497a7c6\/'><img loading=\"lazy\" decoding=\"async\" width=\"150\" height=\"100\" src=\"https:\/\/www.sudoestehoje.com.br\/novoportal\/wp-content\/uploads\/2025\/07\/Imagem-do-WhatsApp-de-2025-06-27-as-13.48.02_7497a7c6.jpg\" class=\"attachment-thumbnail size-thumbnail\" alt=\"\" \/><\/a>\n\t\t\t<\/dt><\/dl><dl class='gallery-item'>\n\t\t\t<dt class='gallery-icon landscape'>\n\t\t\t\t<a href='https:\/\/www.sudoestehoje.com.br\/novoportal\/2025\/07\/02\/regiao-caatiba-celebrou-sao-joao-com-festa-tradicional-e-grande-publico-na-praca-cleriston-andrade\/imagem-do-whatsapp-de-2025-06-27-as-13-48-01_4825fbf9\/'><img loading=\"lazy\" decoding=\"async\" width=\"150\" height=\"100\" src=\"https:\/\/www.sudoestehoje.com.br\/novoportal\/wp-content\/uploads\/2025\/07\/Imagem-do-WhatsApp-de-2025-06-27-as-13.48.01_4825fbf9.jpg\" class=\"attachment-thumbnail size-thumbnail\" alt=\"\" \/><\/a>\n\t\t\t<\/dt><\/dl><dl class='gallery-item'>\n\t\t\t<dt class='gallery-icon landscape'>\n\t\t\t\t<a href='https:\/\/www.sudoestehoje.com.br\/novoportal\/2025\/07\/02\/regiao-caatiba-celebrou-sao-joao-com-festa-tradicional-e-grande-publico-na-praca-cleriston-andrade\/imagem-do-whatsapp-de-2025-06-27-as-13-48-01_533df76d\/'><img loading=\"lazy\" decoding=\"async\" width=\"150\" height=\"100\" src=\"https:\/\/www.sudoestehoje.com.br\/novoportal\/wp-content\/uploads\/2025\/07\/Imagem-do-WhatsApp-de-2025-06-27-as-13.48.01_533df76d.jpg\" class=\"attachment-thumbnail size-thumbnail\" alt=\"\" \/><\/a>\n\t\t\t<\/dt><\/dl><br style=\"clear: both\" \/>\n\t\t<\/div>\n\n","protected":false},"excerpt":{"rendered":"<p>De 20 a 22 de junho, o munic\u00edpio de Caatiba viveu intensamente o esp\u00edrito junino, com tr\u00eas dias de festa que resgataram a tradi\u00e7\u00e3o nordestina e encantaram moradores e visitantes. A Pra\u00e7a Cl\u00e9riston Andrade foi o ponto de encontro para quem buscava anima\u00e7\u00e3o, cultura e boa m\u00fasica. O S\u00e3o Jo\u00e3o de Caatiba, j\u00e1 consolidado como [&hellip;]<\/p>\n","protected":false},"author":2,"featured_media":122477,"comment_status":"closed","ping_status":"open","sticky":false,"template":"","format":"standard","meta":{"footnotes":"","_links_to":"","_links_to_target":""},"categories":[1],"tags":[],"class_list":["post-122456","post","type-post","status-publish","format-standard","has-post-thumbnail","hentry","category-geral"],"views":1034,"_links":{"self":[{"href":"https:\/\/www.sudoestehoje.com.br\/novoportal\/wp-json\/wp\/v2\/posts\/122456","targetHints":{"allow":["GET"]}}],"collection":[{"href":"https:\/\/www.sudoestehoje.com.br\/novoportal\/wp-json\/wp\/v2\/posts"}],"about":[{"href":"https:\/\/www.sudoestehoje.com.br\/novoportal\/wp-json\/wp\/v2\/types\/post"}],"author":[{"embeddable":true,"href":"https:\/\/www.sudoestehoje.com.br\/novoportal\/wp-json\/wp\/v2\/users\/2"}],"replies":[{"embeddable":true,"href":"https:\/\/www.sudoestehoje.com.br\/novoportal\/wp-json\/wp\/v2\/comments?post=122456"}],"version-history":[{"count":5,"href":"https:\/\/www.sudoestehoje.com.br\/novoportal\/wp-json\/wp\/v2\/posts\/122456\/revisions"}],"predecessor-version":[{"id":122475,"href":"https:\/\/www.sudoestehoje.com.br\/novoportal\/wp-json\/wp\/v2\/posts\/122456\/revisions\/122475"}],"wp:featuredmedia":[{"embeddable":true,"href":"https:\/\/www.sudoestehoje.com.br\/novoportal\/wp-json\/wp\/v2\/media\/122477"}],"wp:attachment":[{"href":"https:\/\/www.sudoestehoje.com.br\/novoportal\/wp-json\/wp\/v2\/media?parent=122456"}],"wp:term":[{"taxonomy":"category","embeddable":true,"href":"https:\/\/www.sudoestehoje.com.br\/novoportal\/wp-json\/wp\/v2\/categories?post=122456"},{"taxonomy":"post_tag","embeddable":true,"href":"https:\/\/www.sudoestehoje.com.br\/novoportal\/wp-json\/wp\/v2\/tags?post=122456"}],"curies":[{"name":"wp","href":"https:\/\/api.w.org\/{rel}","templated":true}]}}